{"id":3798,"date":"2015-06-05T21:04:22","date_gmt":"2015-06-06T00:04:22","guid":{"rendered":"https:\/\/24formosa.com.ar\/?p=3798"},"modified":"2023-01-16T11:46:58","modified_gmt":"2023-01-16T14:46:58","slug":"comunidad-educativa-de-la-centenaria-escuela-18-maravillada-y-agradecida","status":"publish","type":"post","link":"https:\/\/24formosa.com.ar\/?p=3798","title":{"rendered":"Comunidad educativa de la centenaria Escuela 18 \u201cmaravillada y agradecida\u201d"},"content":{"rendered":"<p style=\"text-align: justify;\">Fue coincidente la opini\u00f3n de quienes conforman la comunidad educativa de la emblem\u00e1tica y centenaria escuela primaria 18 \u201cFray Mamerto Esquiu\u201d, de la \u201cmaravillosa obra que nos regala el gobernador Gildo Insfran, por lo que nos queda muy corta la palabra agradecimiento\u201d.<\/p>\n<p style=\"text-align: justify;\">As\u00ed se expuso por parte de directivos, docentes en general, ex alumnos y padres de escolares que asistieron a la inauguraci\u00f3n de esta escuela junto al Jard\u00edn de Infantes 4 y un importante polideportivo cubierto, donde ademas se hiciera entrega de materiales did\u00e1cticos y bibliogr\u00e1ficos, adem\u00e1s de presentes de agradecimiento al primer mandatario.<\/p>\n<p style=\"text-align: justify;\">La directora de la escuela 18, Sof\u00eda Fern\u00e1ndez expuso sobre la \u201cinmensa alegr\u00eda de toda la comunidad educativa ante esta maravillosa obra, el mejor regalo a los cien a\u00f1os de vida institucional de la instituci\u00f3n -1914-, que antiguamente se conoc\u00eda como Escuela Mixta y luego Eva Per\u00f3n\u201d.<\/p>\n<p style=\"text-align: justify;\">Destaco la decisi\u00f3n del gobernador de que \u201cobras como estas se sigan multiplicado por todo el territorio formose\u00f1o, cumpliendo con el claro precepto de que la educaci\u00f3n es una cuesti\u00f3n de estado, el nuevo rostro de la justicia social y por ende siendo los ni\u00f1os los \u00fanicos privilegiados\u201d.<\/p>\n<p style=\"text-align: justify;\">En la misma l\u00ednea pondero que \u201choy tenemos ante nosotros este formidable edificio, con las mejores condiciones para alentar el desarrollo de capacidades ante este mundo que exige cada vez m\u00e1s personas competentes, libre, aut\u00f3noma, creativa y con sentido de pertenec\u00eda y arraigo a esta tierra, contribuyendo as\u00ed a la formaci\u00f3n de ese nuevo hombre formose\u00f1o\u201d, finalizando concluyente: \u201cVamos por mas se\u00f1or gobernador\u201d.<\/p>\n<p style=\"text-align: justify;\">En tanto que la directora del jard\u00edn de infantes 4, Laura Muccio, significo la \u201cmodernidad y confort\u201d del establecimiento que albergara a ni\u00f1os de 4 y 5 a\u00f1os en su \u201cinicio al maravilloso viaje hacia el conocimiento\u201d, subrayando justamente que \u201cese viaje requiere de modernos y seguros veh\u00edculos\u201d, que en este caso estaba representado por el imponente edificio educativo adecuado a las tendencias actuales y con el equipamiento adecuado.<\/p>\n<p style=\"text-align: justify;\">Recalco la \u201cdecisi\u00f3n del estado provincial orientado a la modernizaci\u00f3n de la infraestructura educativa, con efectos directos a mediano y largo plazo con el mejoramiento de la calidad educativa\u201d.<\/p>\n<p style=\"text-align: justify;\">El ex alumno, Diego Ben\u00edtez, hijo de ferroviario que destacara justamente la reactivaci\u00f3n del ramal formose\u00f1o anunciado d\u00edas atr\u00e1s, subrayo que \u201cson pocas las veces que la vida nos permite conmovernos, como sin lugar a dudas es este momento\u201d.<\/p>\n<p style=\"text-align: justify;\">\u201cAl cruzar el umbral de mi escuela tuve una mezcla de sensaciones, pero sobre todo de orgullo y amor a mi Formosa querida, la que me brindo educaci\u00f3n p\u00fablica y gratuita\u201d, sostuvo, para referir a que \u201ccomo no estar contento al ver tan linda la escuela que vio crecer\u201d, trazando un parang\u00f3n de la transformaci\u00f3n de la misma con la que se da en todos los \u00e1mbitos de la provincia.<\/p>\n<p style=\"text-align: justify;\">\u201cTenemos un futuro inmenso y la educaci\u00f3n est\u00e1 a la vanguardia, por eso estar inaugurando una escuela es sentar los cimientos de ese futuro, y nuestro compromiso es acompa\u00f1ar este proceso de transformaci\u00f3n\u201d, afirmo, para finalizar agradeciendo al gobernador porque \u201ccon decisiones pol\u00edticas y un gran trabajo concretan a diario todo el gran circuito de crecimiento, desarrollo y embellecimiento de nuestra querida provincia, lo que demuestra que ac\u00e1 el \u00fanico inter\u00e9s es el del pueblo\u201d.<\/p>\n<p style=\"text-align: justify;\">Por la comunidad educativa, Francisco C\u00e1ceres, aludi\u00f3 a la \u201cfelicidad de todos los allegados a la instituci\u00f3n de fecunda labor y por cuyas aulas se han formado muchas generaciones de formose\u00f1os y que Dios mediante habr\u00e1 de pasar quien sabe cu\u00e1ntas m\u00e1s\u201d.<\/p>\n<p style=\"text-align: justify;\">\u201cEsta espectacular obra es un dorado eslab\u00f3n m\u00e1s de esa cadena de obras edilicias inauguradas por toda la provincia gracias a la visi\u00f3n futurista e incansable del compa\u00f1ero Gildo Insfran, quien planifico un modelo de crecimiento y desarrollo en todos los \u00e1mbitos de la geograf\u00eda provincial\u201d, concluyo destacando.<\/p>\n","protected":false},"excerpt":{"rendered":"<p>Fue coincidente la opini\u00f3n de quienes conforman la comunidad educativa de la emblem\u00e1tica y centenaria<\/p>\n","protected":false},"author":3,"featured_media":3800,"comment_status":"open","ping_status":"open","sticky":false,"template":"","format":"standard","meta":{"footnotes":""},"categories":[1],"tags":[],"class_list":["post-3798","post","type-post","status-publish","format-standard","has-post-thumbnail","hentry","category-noticias"],"_links":{"self":[{"href":"https:\/\/24formosa.com.ar\/index.php?rest_route=\/wp\/v2\/posts\/3798","targetHints":{"allow":["GET"]}}],"collection":[{"href":"https:\/\/24formosa.com.ar\/index.php?rest_route=\/wp\/v2\/posts"}],"about":[{"href":"https:\/\/24formosa.com.ar\/index.php?rest_route=\/wp\/v2\/types\/post"}],"author":[{"embeddable":true,"href":"https:\/\/24formosa.com.ar\/index.php?rest_route=\/wp\/v2\/users\/3"}],"replies":[{"embeddable":true,"href":"https:\/\/24formosa.com.ar\/index.php?rest_route=%2Fwp%2Fv2%2Fcomments&post=3798"}],"version-history":[{"count":1,"href":"https:\/\/24formosa.com.ar\/index.php?rest_route=\/wp\/v2\/posts\/3798\/revisions"}],"predecessor-version":[{"id":51827,"href":"https:\/\/24formosa.com.ar\/index.php?rest_route=\/wp\/v2\/posts\/3798\/revisions\/51827"}],"wp:featuredmedia":[{"embeddable":true,"href":"https:\/\/24formosa.com.ar\/index.php?rest_route=\/wp\/v2\/media\/3800"}],"wp:attachment":[{"href":"https:\/\/24formosa.com.ar\/index.php?rest_route=%2Fwp%2Fv2%2Fmedia&parent=3798"}],"wp:term":[{"taxonomy":"category","embeddable":true,"href":"https:\/\/24formosa.com.ar\/index.php?rest_route=%2Fwp%2Fv2%2Fcategories&post=3798"},{"taxonomy":"post_tag","embeddable":true,"href":"https:\/\/24formosa.com.ar\/index.php?rest_route=%2Fwp%2Fv2%2Ftags&post=3798"}],"curies":[{"name":"wp","href":"https:\/\/api.w.org\/{rel}","templated":true}]}}