{"id":3789,"date":"2015-06-05T20:31:03","date_gmt":"2015-06-05T23:31:03","guid":{"rendered":"https:\/\/24formosa.com.ar\/?p=3789"},"modified":"2023-01-16T11:46:58","modified_gmt":"2023-01-16T14:46:58","slug":"amplio-analisis-del-contexto-productivo-en-zona-con-exceso-hidrico-por-grandes-lluvias","status":"publish","type":"post","link":"https:\/\/24formosa.com.ar\/?p=3789","title":{"rendered":"Amplio an\u00e1lisis del contexto productivo en zona con exceso h\u00eddrico por grandes lluvias"},"content":{"rendered":"<p style=\"text-align: justify;\">Admiten perjuicios en cultivos puntuales y advierten de intenci\u00f3n de politizar un contexto que para nada amerita una declaraci\u00f3n de desastre.<\/p>\n<p style=\"text-align: justify;\">En el marco de una reuni\u00f3n de trabajo ampliada presidida por el ministro de la Producci\u00f3n y Ambiente, Ra\u00fal Quintana, se hizo una pormenorizado an\u00e1lisis del contexto productivo en la zona norte afectada de exceso h\u00eddrico, al tiempo de ratificarse que \u201cel gobierno provincial como lo hizo siempre, estar\u00e1 junto a los productores acudiendo en lo que sea necesario ante esta coyuntura\u201d.<br \/>\nJunto al ministro estuvo su equipo t\u00e9cnico y otros pertenecientes a estamentos nacionales como INTA y SENASA, adem\u00e1s de los intendentes de Naineck, N\u00e9stor D\u00edaz y de Laguna Blanca, Ricardo Lemos, como tambi\u00e9n legisladores provinciales de esa zona, Jorge Rom\u00e1n y Celso Servin y catedr\u00e1ticos de instituciones del nivel Superior en la modalidad agrotecnica de la jurisdiccion.<br \/>\nEn ese marco es que se socializaron los datos entre todos los asistentes de las a\u00e9reas t\u00e9cnicas y pol\u00edticas, unific\u00e1ndose criterios a fin de tener un escenario bastante cercano a lo ocurrido y su impacto. \u201cEs decir se focalizo la zona puntual, la cantidad de cultivos afectados como batata, mandioca y tomate, que son los m\u00e1s perjudicados, y si bien disponemos de datos bastante certeros, con una nueva visita a terreno que es lo que se har\u00e1 se terminara de obtener con la precisi\u00f3n necesaria toda la informaci\u00f3n y al mismo tiempo se les ofrecer\u00e1 distintas propuestas ante este contexto\u201d, expuso D\u00edaz, quien tras aludir a los problemas generados a partir de lluvias de casi 400 mil\u00edmetros en un d\u00eda, destaco la tranquilidad que genera la ratificaci\u00f3n categ\u00f3rica del estado en que \u201cseguiremos estando junto a la familia productora en esta coyuntura\u201d.<br \/>\nPuntualizo que el fen\u00f3meno \u201cafecto al segmento de peque\u00f1os productores, fundamentalmente en sus cultivos de mandioca, batata y tomate, aunque los dem\u00e1s est\u00e1n sobrellevando bastante bien el contexto\u201d.<br \/>\nAcerca de la producci\u00f3n bananera, dijo que se encuentra \u201cen su pico de cosecha y somos optimistas a partir de la buena calidad que se est\u00e1 teniendo a partir del aporte del estado en insumos y la aplicaci\u00f3n de un nuevo protocolo. La comercializaci\u00f3n se presenta alentadora a partir de un mercado que aparece con mejores precios\u201d<\/p>\n<p style=\"text-align: justify;\">En tano que Lemos expuso que el a\u00f1o pasado tuvieron poco m\u00e1s de 2000 mil\u00edmetros de lluvias, m\u00e1s del doble del promedio anual, y en los primeros cinco meses de 2015 ya han recibido precipitaciones del orden de los 800 mil\u00edmetros.<br \/>\nRespecto al actual escenario, puntualizo que \u201clos informes t\u00e9cnicos dan cuenta de que fue afectada un 5% de la producci\u00f3n bananera, por lo que hay que mirar bien algunos planteos de declarar estado de desastre al sector, adem\u00e1s de los pron\u00f3sticos alentadores en cuanto a precios por ejemplo\u201d, a\u00f1adiendo \u201cen cuanto al algod\u00f3n que en un 70% ya fue cosechado y resta un 30% que seguramente tendr\u00e1n dificultades\u201d.<br \/>\nPor su parte, el presidente del Concejo Deliberante de Naineck, Julio Murdoch destaco que \u201chay un escenario m\u00e1s alentador para la banana a partir de una fuerte intervenci\u00f3n del estado provincial a favor de peque\u00f1os productores, lo que permiti\u00f3 mejorar los rindes y la calidad, sumado a un mercado que aparece con mejores precios , y todo esto se da en el pico de cosecha\u201d:<br \/>\nAnticiparon la decisi\u00f3n de que una mesa t\u00e9cnica se re\u00fana pr\u00f3ximamente en el INTA-IPAF del Naineck a fin de seguir evaluando la situaci\u00f3n a partir del monitoreo en terreno y los pron\u00f3sticos que tenemos acerca de las condiciones clim\u00e1ticas en este tiempo de invierno.<\/p>\n<p style=\"text-align: justify;\"><strong>Politizando<\/strong><\/p>\n<p style=\"text-align: justify;\">Murdoch fue categ\u00f3rico al momento de plantear a dirigentes de la oposici\u00f3n la necesidad de \u201cser m\u00e1s serios, porque salen a plantear un proyecto de declaraci\u00f3n de estado de desastre y trazan un escenario casi apocal\u00edptico. Hay que ser responsables y no politizar la situaci\u00f3n tratando de sacar alg\u00fan r\u00e9dito sectorial mezquino, mas all\u00e1 de que reconocemos que existen dificultades a partir de un contexto clim\u00e1tico, pero tampoco pasa por trazar un contexto casi terminal y desde ah\u00ed tratar de generar falsas expectativas en los peque\u00f1os productores\u201d.<br \/>\nComento acerca de la presencia de legisladores radicales en la zona, puntualizando que \u201cel diputado (Martin) Hern\u00e1ndez, quienes medi\u00e1ticamente a trav\u00e9s de radios en la zona trataban de jugar con la preocupaci\u00f3n l\u00f3gica de quien ve afectado su esfuerzo\u201d.<br \/>\nPlanteo a \u201cser realistas a partir de datos t\u00e9cnicos certeros tomados en terreno, que son los que determinan cuales son los sectores m\u00e1s afectados y al mismo tiempo con el diagnostico en mano se pueden establecer las mejores medidas, que hay que recordar ha sido permanente desde el gobierno\u201d.<br \/>\nDestaco el hecho de que \u201cen nuestra zona es donde se da la mayor concentraci\u00f3n de productores, mas de 1200 est\u00e1n diseminados en la regi\u00f3n, y solo este a\u00f1o se han volcado recursos de casi 6.5 millones a favor de todo el sector\u201d, y si se incluye a otras localidades de esa regi\u00f3n el global de inversi\u00f3n supera los $10 millones.<\/p>\n<p style=\"text-align: justify;\"><strong>INTA<\/strong><\/p>\n<p style=\"text-align: justify;\">El director de la experimental del INTA de El Colorado, Edgar Pajuelo, indico que al desplegar acciones en todo el territorio, junto a los t\u00e9cnicos del organismo nacional est\u00e1n haciendo aportes en por ejemplo las metodolog\u00edas de evaluaci\u00f3n de da\u00f1os en cultivos mencionados como los m\u00e1s afectados. Asimismo estuvieron informando acerca de datos clim\u00e1ticos y a partir de ah\u00ed evaluar su impacto en la producci\u00f3n.<br \/>\nAdem\u00e1s desde el INTA se ratifico el \u201ccompromiso de presencia efectiva en campos de productores y ver hasta donde hubo da\u00f1os a fin de tener datos bastante consolidados y unificados para ver las medidas que se toman\u201d.<br \/>\nRecord\u00f3 que \u201cel a\u00f1o pasado se declaro la emergencia en la zona luego de venir de una sequia, o sea que estamos ante un exceso. En el caso puntual de Naineck y Laguna Blanca tras la lluvia del d\u00eda 23 de mayo que fue un milimetraje de 300 a 380 seg\u00fan el sitio puntual, y eso sobre suelo ya saturado tuvo su impacto desfavorable\u201d.<br \/>\n\u201cAunque hay que ser claros y marcar que el impacto es distinto por ejemplo para la ganader\u00eda, donde hay m\u00e1s pasto que nunca, los animales ingresan con agua en invierno. El ma\u00edz a\u00fan no se puede aun entrar a cosechar, aunque se presenta muy bien y no se puede hablar de p\u00e9rdidas salvo algunos casos puntuales, la banana incluso se presenta con un escenario favorable por el alza de precios\u201d, explico.<br \/>\nDestaco lo favorable del planteo estrat\u00e9gico de \u201cdiversificaci\u00f3n productiva, es decir tener distintos productos en diferentes etapas de a\u00f1o, lo que contribuye a que ante situaciones como estas el contexto en general no se vea comprometido\u201d.<\/p>\n","protected":false},"excerpt":{"rendered":"<p>Admiten perjuicios en cultivos puntuales y advierten de intenci\u00f3n de politizar un contexto que para<\/p>\n","protected":false},"author":3,"featured_media":3790,"comment_status":"open","ping_status":"open","sticky":false,"template":"","format":"standard","meta":{"footnotes":""},"categories":[1],"tags":[],"class_list":["post-3789","post","type-post","status-publish","format-standard","has-post-thumbnail","hentry","category-noticias"],"_links":{"self":[{"href":"https:\/\/24formosa.com.ar\/index.php?rest_route=\/wp\/v2\/posts\/3789","targetHints":{"allow":["GET"]}}],"collection":[{"href":"https:\/\/24formosa.com.ar\/index.php?rest_route=\/wp\/v2\/posts"}],"about":[{"href":"https:\/\/24formosa.com.ar\/index.php?rest_route=\/wp\/v2\/types\/post"}],"author":[{"embeddable":true,"href":"https:\/\/24formosa.com.ar\/index.php?rest_route=\/wp\/v2\/users\/3"}],"replies":[{"embeddable":true,"href":"https:\/\/24formosa.com.ar\/index.php?rest_route=%2Fwp%2Fv2%2Fcomments&post=3789"}],"version-history":[{"count":1,"href":"https:\/\/24formosa.com.ar\/index.php?rest_route=\/wp\/v2\/posts\/3789\/revisions"}],"predecessor-version":[{"id":51829,"href":"https:\/\/24formosa.com.ar\/index.php?rest_route=\/wp\/v2\/posts\/3789\/revisions\/51829"}],"wp:featuredmedia":[{"embeddable":true,"href":"https:\/\/24formosa.com.ar\/index.php?rest_route=\/wp\/v2\/media\/3790"}],"wp:attachment":[{"href":"https:\/\/24formosa.com.ar\/index.php?rest_route=%2Fwp%2Fv2%2Fmedia&parent=3789"}],"wp:term":[{"taxonomy":"category","embeddable":true,"href":"https:\/\/24formosa.com.ar\/index.php?rest_route=%2Fwp%2Fv2%2Fcategories&post=3789"},{"taxonomy":"post_tag","embeddable":true,"href":"https:\/\/24formosa.com.ar\/index.php?rest_route=%2Fwp%2Fv2%2Ftags&post=3789"}],"curies":[{"name":"wp","href":"https:\/\/api.w.org\/{rel}","templated":true}]}}