{"id":3784,"date":"2015-06-05T20:14:42","date_gmt":"2015-06-05T23:14:42","guid":{"rendered":"https:\/\/24formosa.com.ar\/?p=3784"},"modified":"2023-01-16T11:46:58","modified_gmt":"2023-01-16T14:46:58","slug":"la-legislatura-provincial-declaro-de-interes-legislativo-charla-de-periodismo","status":"publish","type":"post","link":"https:\/\/24formosa.com.ar\/?p=3784","title":{"rendered":"La Legislatura provincial declar\u00f3 de inter\u00e9s legislativo charla de periodismo"},"content":{"rendered":"<p style=\"text-align: justify;\">La Legislatura de la provincia de Formosa resolvi\u00f3 mediante resoluci\u00f3n N\u00b02633 declarar de inter\u00e9s legislativo la charla homenaje \u201cHistoria del Periodismo en Formosa\u201d que se llevar\u00e1 a cabo el lunes 8 de junio de 2015, en el galp\u00f3n C del paseo costanero \u201cVuelta Fermoza\u201d de la ciudad de Formosa.<\/p>\n<p style=\"text-align: justify;\">La decisi\u00f3n fue aprobada en la sala de sesiones de la C\u00e1mara de Diputados, en la sesi\u00f3n de este jueves, por unanimidad de todos los bloques.<br \/>\nLa resoluci\u00f3n est\u00e1 firmada por el presidente provisional de la Honorable Legislatura, dr Armando Felipe Cabrera y el secretario legislativo licenciado Dar\u00edo Ra\u00fal Guerra.<\/p>\n","protected":false},"excerpt":{"rendered":"<p>La Legislatura de la provincia de Formosa resolvi\u00f3 mediante resoluci\u00f3n N\u00b02633 declarar de inter\u00e9s legislativo<\/p>\n","protected":false},"author":3,"featured_media":3785,"comment_status":"open","ping_status":"open","sticky":false,"template":"","format":"standard","meta":{"footnotes":""},"categories":[1],"tags":[],"class_list":["post-3784","post","type-post","status-publish","format-standard","has-post-thumbnail","hentry","category-noticias"],"_links":{"self":[{"href":"https:\/\/24formosa.com.ar\/index.php?rest_route=\/wp\/v2\/posts\/3784","targetHints":{"allow":["GET"]}}],"collection":[{"href":"https:\/\/24formosa.com.ar\/index.php?rest_route=\/wp\/v2\/posts"}],"about":[{"href":"https:\/\/24formosa.com.ar\/index.php?rest_route=\/wp\/v2\/types\/post"}],"author":[{"embeddable":true,"href":"https:\/\/24formosa.com.ar\/index.php?rest_route=\/wp\/v2\/users\/3"}],"replies":[{"embeddable":true,"href":"https:\/\/24formosa.com.ar\/index.php?rest_route=%2Fwp%2Fv2%2Fcomments&post=3784"}],"version-history":[{"count":1,"href":"https:\/\/24formosa.com.ar\/index.php?rest_route=\/wp\/v2\/posts\/3784\/revisions"}],"predecessor-version":[{"id":51830,"href":"https:\/\/24formosa.com.ar\/index.php?rest_route=\/wp\/v2\/posts\/3784\/revisions\/51830"}],"wp:featuredmedia":[{"embeddable":true,"href":"https:\/\/24formosa.com.ar\/index.php?rest_route=\/wp\/v2\/media\/3785"}],"wp:attachment":[{"href":"https:\/\/24formosa.com.ar\/index.php?rest_route=%2Fwp%2Fv2%2Fmedia&parent=3784"}],"wp:term":[{"taxonomy":"category","embeddable":true,"href":"https:\/\/24formosa.com.ar\/index.php?rest_route=%2Fwp%2Fv2%2Fcategories&post=3784"},{"taxonomy":"post_tag","embeddable":true,"href":"https:\/\/24formosa.com.ar\/index.php?rest_route=%2Fwp%2Fv2%2Ftags&post=3784"}],"curies":[{"name":"wp","href":"https:\/\/api.w.org\/{rel}","templated":true}]}}