{"id":3775,"date":"2015-06-03T21:58:31","date_gmt":"2015-06-04T00:58:31","guid":{"rendered":"https:\/\/24formosa.com.ar\/?p=3775"},"modified":"2023-01-16T11:46:59","modified_gmt":"2023-01-16T14:46:59","slug":"estiman-terminar-este-ano-con-relevamiento-integral-de-las-tierras-indigenas-en-formosa","status":"publish","type":"post","link":"https:\/\/24formosa.com.ar\/?p=3775","title":{"rendered":"Estiman terminar este a\u00f1o con relevamiento integral de las tierras ind\u00edgenas en Formosa"},"content":{"rendered":"<p style=\"text-align: justify;\">As\u00ed lo anticipo el titular del Instituto de Comunidades Abor\u00edgenes (ICA), Esteban Ram\u00edrez al dar detalles acerca del plan de reordenamiento territorial de comunidades abor\u00edgenes, que es un relevamiento de las tierras que ocupan los distintos pueblos aut\u00f3ctonos en la provincia. \u00abCon lo que estamos fortaleciendo las pol\u00edticas p\u00fablicas de titularizaci\u00f3n de tierras a las comunidades abor\u00edgenes de la provincia que se viene desarrollando desde el a\u00f1o 1984\u00bb, sostuvo.<\/p>\n<p style=\"text-align: justify;\">Indico que \u00abhace m\u00e1s de dos a\u00f1os venimos trabajando en este aspecto a partir de una ley nacional nacida como consecuencia de dificultades con las tierras ind\u00edgenas en otras partes del pa\u00eds. No es el caso de Formosa donde en 1984 se sanciono la ley 1426 (Integral del Aborigen) siendo pioneros en el reconocimiento legal de las tierras abor\u00edgenes en propiedad comunitaria, lo propio en cuanto a la salud, la educaci\u00f3n\u00bb. Expuso que esto quiere decir que \u00abhace m\u00e1s de tres d\u00e9cadas que en Formosa se conformaron equipos de trabajo que se constituyeron en todas las comunidades asentadas en el territorio provincial, haci\u00e9ndose un relevamiento de las tierras que ocupaban, se hizo la mensura y se les entrego los t\u00edtulos de propiedad\u00bb.<br \/>\n\u00abDe todos modos y a fin de dar cumplimiento a la ley nacional antes citada es que se vino trabajando fuertemente, y por ejemplo ya se termino con la tarea en los departamentos Ram\u00f3n Lista y Matacos, adem\u00e1s de trabajarse en otras importantes comunidades ind\u00edgenas\u00bb, afirmo, anticipando que \u00abdesde el pr\u00f3ximo mes a partir de que nos confirmen la fecha desde la esfera federal, puesto que deben venir los t\u00e9cnicos del Instituto Nacional de Asuntos Ind\u00edgenas, quienes trabajan junto a los de la provincia, tanto del ICA como de la direcci\u00f3n de Catastro, adem\u00e1s de miembros de las comunidades\u00bb.<br \/>\nRefiri\u00f3 a que \u00aben esta gira venidera estaremos trabajando en el departamento Bermejo y luego avanzaremos al Pati\u00f1o, y si el clima nos acompa\u00f1a estar\u00edamos terminando \u00edntegramente durante este a\u00f1o\u00bb.<\/p>\n<p style=\"text-align: justify;\">Explico Ram\u00edrez que ?adem\u00e1s de la mensura propiamente dicha a fin de verificarse los l\u00edmites de cada comunidad de las tierras, tambi\u00e9n se incluye un informe sobre los servicios que cuentan como escuelas o centros de salud, energ\u00eda el\u00e9ctrica, viviendas, agua potable. Incluso se consultan sobre la existencia o no de la existencia de producciones, entre otros aspectos sociales que son parte de un cuestionario que responden los habitantes, sobre todo a los m\u00e1s antiguos de cada comunidad?.<\/p>\n<p style=\"text-align: justify;\">Dijo que con posterioridad y en un trabajo de gabinete toda la informaci\u00f3n acopiada se vuelca en una carpeta que incluye una cartograf\u00eda muy precisa, comentando que en una etapa posterior a toda esta labor, cada comunidad recibir\u00e1 esa carpeta con toda esa informaci\u00f3n, y una similar quedara en el ICA y otra en el INAI.<\/p>\n<p style=\"text-align: justify;\">Destaco que ?en general los miembros de las comunidades acompa\u00f1aron las tareas en un clima de respeto e incluso aportando su sabidur\u00eda para hacer todo m\u00e1s \u00e1gil?. Aunque advirti\u00f3 que ?salvo en La Primavera donde el dirigente F\u00e9lix D\u00edaz puso todo tipo de objeciones y trabas, m\u00e1s all\u00e1 de que se trata de un trabajo que beneficia a la comunidad?.<\/p>\n<p style=\"text-align: justify;\">\u00abEsta ley nacional 26160 no establece que se les dar\u00e1n m\u00e1s tierras, sino que se les relevara las que est\u00e1n ocupando, y D\u00edaz pretend\u00eda forzar una interpretaci\u00f3n a la norma, de ah\u00ed que pon\u00eda todo tipo de trabas, y eso hizo que se demorara por seis meses la tarea en La Primavera. Menos tiempo nos demandaron los trabajos en los dos departamentos del oeste donde ya terminamos\u00bb, concluy\u00f3.<\/p>\n","protected":false},"excerpt":{"rendered":"<p>As\u00ed lo anticipo el titular del Instituto de Comunidades Abor\u00edgenes (ICA), Esteban Ram\u00edrez al dar<\/p>\n","protected":false},"author":3,"featured_media":3776,"comment_status":"open","ping_status":"open","sticky":false,"template":"","format":"standard","meta":{"footnotes":""},"categories":[1],"tags":[],"class_list":["post-3775","post","type-post","status-publish","format-standard","has-post-thumbnail","hentry","category-noticias"],"_links":{"self":[{"href":"https:\/\/24formosa.com.ar\/index.php?rest_route=\/wp\/v2\/posts\/3775","targetHints":{"allow":["GET"]}}],"collection":[{"href":"https:\/\/24formosa.com.ar\/index.php?rest_route=\/wp\/v2\/posts"}],"about":[{"href":"https:\/\/24formosa.com.ar\/index.php?rest_route=\/wp\/v2\/types\/post"}],"author":[{"embeddable":true,"href":"https:\/\/24formosa.com.ar\/index.php?rest_route=\/wp\/v2\/users\/3"}],"replies":[{"embeddable":true,"href":"https:\/\/24formosa.com.ar\/index.php?rest_route=%2Fwp%2Fv2%2Fcomments&post=3775"}],"version-history":[{"count":1,"href":"https:\/\/24formosa.com.ar\/index.php?rest_route=\/wp\/v2\/posts\/3775\/revisions"}],"predecessor-version":[{"id":51832,"href":"https:\/\/24formosa.com.ar\/index.php?rest_route=\/wp\/v2\/posts\/3775\/revisions\/51832"}],"wp:featuredmedia":[{"embeddable":true,"href":"https:\/\/24formosa.com.ar\/index.php?rest_route=\/wp\/v2\/media\/3776"}],"wp:attachment":[{"href":"https:\/\/24formosa.com.ar\/index.php?rest_route=%2Fwp%2Fv2%2Fmedia&parent=3775"}],"wp:term":[{"taxonomy":"category","embeddable":true,"href":"https:\/\/24formosa.com.ar\/index.php?rest_route=%2Fwp%2Fv2%2Fcategories&post=3775"},{"taxonomy":"post_tag","embeddable":true,"href":"https:\/\/24formosa.com.ar\/index.php?rest_route=%2Fwp%2Fv2%2Ftags&post=3775"}],"curies":[{"name":"wp","href":"https:\/\/api.w.org\/{rel}","templated":true}]}}