{"id":3772,"date":"2015-06-03T21:44:18","date_gmt":"2015-06-04T00:44:18","guid":{"rendered":"https:\/\/24formosa.com.ar\/?p=3772"},"modified":"2023-01-16T11:46:59","modified_gmt":"2023-01-16T14:46:59","slug":"secretaria-de-la-mujer-adhirio-a-movilizacion-niunamenos","status":"publish","type":"post","link":"https:\/\/24formosa.com.ar\/?p=3772","title":{"rendered":"Secretar\u00eda de la Mujer adhiri\u00f3 a movilizaci\u00f3n #NIUNAMENOS"},"content":{"rendered":"<p style=\"text-align: justify;\">Este mi\u00e9rcoles, a partir de las 16 horas en el M\u00e1stil Municipal, punto de concentraci\u00f3n, se realiz\u00f3 #NiUnaMenos en Formosa, movilizaci\u00f3n en m\u00e1s de 100 ciudades del pa\u00eds que busc\u00f3 crear conciencia y la aplicaci\u00f3n de medidas efectivas para evitar situaciones de violencia contra la mujer.<\/p>\n<p style=\"text-align: justify;\">En d\u00edas anteriores, en declaraciones a medios provinciales, Ang\u00e9lica Garc\u00eda, titular de la Secretar\u00eda de la Mujer, manifest\u00f3 su adhesi\u00f3n a la marcha y se\u00f1al\u00f3 que todos quienes integran el organismo a su cargo, se hari\u00e1n presente en la movilizaci\u00f3n.<\/p>\n<p style=\"text-align: justify;\">\u201cAll\u00ed estaremos todos, sin carteles y sin banderas partidarias, porque en esto debemos estar todos, m\u00e1s all\u00e1 de las ideolog\u00edas que cada uno sostenga y el color pol\u00edtico que abrace. Vamos a estar porque de esta forma vamos a reafirmar nuestra voluntad de seguir trabajando para erradicar la violencia de g\u00e9nero en nuestra sociedad\u201d, enfatiz\u00f3.<\/p>\n<p>&nbsp;<\/p>\n","protected":false},"excerpt":{"rendered":"<p>Este mi\u00e9rcoles, a partir de las 16 horas en el M\u00e1stil Municipal, punto de concentraci\u00f3n,<\/p>\n","protected":false},"author":3,"featured_media":3773,"comment_status":"open","ping_status":"open","sticky":false,"template":"","format":"standard","meta":{"footnotes":""},"categories":[1],"tags":[],"class_list":["post-3772","post","type-post","status-publish","format-standard","has-post-thumbnail","hentry","category-noticias"],"_links":{"self":[{"href":"https:\/\/24formosa.com.ar\/index.php?rest_route=\/wp\/v2\/posts\/3772","targetHints":{"allow":["GET"]}}],"collection":[{"href":"https:\/\/24formosa.com.ar\/index.php?rest_route=\/wp\/v2\/posts"}],"about":[{"href":"https:\/\/24formosa.com.ar\/index.php?rest_route=\/wp\/v2\/types\/post"}],"author":[{"embeddable":true,"href":"https:\/\/24formosa.com.ar\/index.php?rest_route=\/wp\/v2\/users\/3"}],"replies":[{"embeddable":true,"href":"https:\/\/24formosa.com.ar\/index.php?rest_route=%2Fwp%2Fv2%2Fcomments&post=3772"}],"version-history":[{"count":1,"href":"https:\/\/24formosa.com.ar\/index.php?rest_route=\/wp\/v2\/posts\/3772\/revisions"}],"predecessor-version":[{"id":51833,"href":"https:\/\/24formosa.com.ar\/index.php?rest_route=\/wp\/v2\/posts\/3772\/revisions\/51833"}],"wp:featuredmedia":[{"embeddable":true,"href":"https:\/\/24formosa.com.ar\/index.php?rest_route=\/wp\/v2\/media\/3773"}],"wp:attachment":[{"href":"https:\/\/24formosa.com.ar\/index.php?rest_route=%2Fwp%2Fv2%2Fmedia&parent=3772"}],"wp:term":[{"taxonomy":"category","embeddable":true,"href":"https:\/\/24formosa.com.ar\/index.php?rest_route=%2Fwp%2Fv2%2Fcategories&post=3772"},{"taxonomy":"post_tag","embeddable":true,"href":"https:\/\/24formosa.com.ar\/index.php?rest_route=%2Fwp%2Fv2%2Ftags&post=3772"}],"curies":[{"name":"wp","href":"https:\/\/api.w.org\/{rel}","templated":true}]}}