{"id":3741,"date":"2015-06-02T19:38:08","date_gmt":"2015-06-02T22:38:08","guid":{"rendered":"https:\/\/24formosa.com.ar\/?p=3741"},"modified":"2023-01-16T11:31:27","modified_gmt":"2023-01-16T14:31:27","slug":"se-realizo-el-taller-sobre-responsabilidad-social-del-comunicador-en-los-medios","status":"publish","type":"post","link":"https:\/\/24formosa.com.ar\/?p=3741","title":{"rendered":"Se realiz\u00f3 el taller sobre responsabilidad social del comunicador en los medios"},"content":{"rendered":"<p style=\"text-align: justify;\">En el marco de las actividades llevadas adelante por el C\u00edrculo de Profesionales de la Comunicaci\u00f3n \u2013CIPROCOM- de la provincia de Formosa y el Sindicato de Trabajadores de Prensa \u2013 SIPREFOR- en alusi\u00f3n al d\u00eda del periodista que se celebrar\u00e1 el pr\u00f3ximo 7 de junio, el pasado viernes, en el sal\u00f3n auditorio de Radio Nacional Formosa, se desarroll\u00f3 el taller \u201cLa Responsabilidad Social del Comunicador en los Medios\u201d destinado a los comunicadores sociales, trabajadores de prensa y estudiantes de carreras afines de toda la provincia.<br \/>\nEn el encuentro, se plantearon recomendaciones sobre el abordaje responsable de temas vinculados a los derechos de ni\u00f1os, ni\u00f1as y adolescente y la cobertura de casos de violencia de g\u00e9nero. Tambi\u00e9n se despejaron inquietudes sobre situaciones concretas que atraviesan en su tarea de informar a la ciudadan\u00eda. La charla rond\u00f3 en torno a la responsabilidad social de los medios a partir de la sanci\u00f3n de la Ley de Servicios de Comunicaci\u00f3n Audiovisual y c\u00f3mo llevar adelante la pr\u00e1ctica cotidiana desde un enfoque de derechos.<br \/>\nLa disertaci\u00f3n estuvo a cargo del licenciado Diego Bogar\u00edn, integrante del Equipo de Capacitaciones de la Defensor\u00eda del P\u00fablico de Servicios de Medios Audiovisuales de la Naci\u00f3n y cont\u00f3 con la presencia de representantes de medios locales de capital e interior, as\u00ed como tambi\u00e9n de la responsable del Instituto del Instituto de G\u00e9nero de la Universidad Nacional de Formosa (IGUNF), Lilian Bistolfi; el titular del AFSCA, Miguel Delorenzi; el Director de Radio Nacional Formosa, Mario Duca, el director de LRA 20 Radio Nacional Las Lomitas Carlos Mendez, propietarios de medios de comunicaci\u00f3n, periodistas, trabajadores de prensa, fot\u00f3grafos y estudiantes de carreras afines.<br \/>\nA trav\u00e9s del debate participativo del auditorio, entre los temas tratados se hizo hincapi\u00e9 en la importancia de la incorporaci\u00f3n y uso de determinados t\u00e9rminos por parte de los que ejercen el rol de comunicador en los medios, relacionados especialmente a tem\u00e1ticas como la violencia de g\u00e9nero, la sensibilizaci\u00f3n sobre la violencia medi\u00e1tica y la violencia medi\u00e1tica contra las mujeres, entre otros.<br \/>\nBogar\u00edn recalc\u00f3 la necesidad de \u201cno desacreditar el relato de las v\u00edctimas de la violencia de g\u00e9nero\u201d como modo de ejercer un periodismo comprometido y con responsabilidad social frente a este tipo de casos.<br \/>\nA lo largo de la charla, se destac\u00f3 tambi\u00e9n el papel fundamental de la Defensor\u00eda del P\u00fablico como organismo estatal encargado de canalizar los reclamos contra la violencia medi\u00e1tica contra las mujeres y la discriminaci\u00f3n de g\u00e9neros en los medios audiovisuales, y se ejemplificaron los casos puntuales que pueden denunciarse.<br \/>\nLa oportunidad fue propicia para que periodistas y fot\u00f3grafos realicen preguntas y planteen dudas respecto a la \u201cviolencia de g\u00e9nero\u201d y el tratamiento que debe tenerse en los medios masivos de comunicaci\u00f3n, intercambiando experiencias comunes.<br \/>\n<strong>Invitaci\u00f3n<\/strong><br \/>\nEl C\u00edrculo Profesional de Comunicadores de Formosa (CIPROCOM) invit\u00f3 a la comunidad en general a participar de la Charla-Homenaje que se realizar\u00e1 el pr\u00f3ximo 8 de junio en el Galp\u00f3n C del paseo costanero sobre la \u201cHistoria del periodismo en Formosa\u201d, que estar\u00e1 a cargo de los periodistas H\u00e9ctor Rey Leyes y Mar\u00eda del Carmen Nucci, y el locutor y animador Osvaldo Lezcano.<br \/>\nLa actividad se enmarca en una serie de eventos organizados por el D\u00eda del Periodista, que se celebrar\u00e1 el pr\u00f3ximo 7 de junio, y del que est\u00e1n participando comunicadores sociales de distintas zonas de la provincia.<\/p>\n","protected":false},"excerpt":{"rendered":"<p>En el marco de las actividades llevadas adelante por el C\u00edrculo de Profesionales de la<\/p>\n","protected":false},"author":3,"featured_media":3742,"comment_status":"open","ping_status":"open","sticky":false,"template":"","format":"standard","meta":{"footnotes":""},"categories":[1],"tags":[],"class_list":["post-3741","post","type-post","status-publish","format-standard","has-post-thumbnail","hentry","category-noticias"],"_links":{"self":[{"href":"https:\/\/24formosa.com.ar\/index.php?rest_route=\/wp\/v2\/posts\/3741","targetHints":{"allow":["GET"]}}],"collection":[{"href":"https:\/\/24formosa.com.ar\/index.php?rest_route=\/wp\/v2\/posts"}],"about":[{"href":"https:\/\/24formosa.com.ar\/index.php?rest_route=\/wp\/v2\/types\/post"}],"author":[{"embeddable":true,"href":"https:\/\/24formosa.com.ar\/index.php?rest_route=\/wp\/v2\/users\/3"}],"replies":[{"embeddable":true,"href":"https:\/\/24formosa.com.ar\/index.php?rest_route=%2Fwp%2Fv2%2Fcomments&post=3741"}],"version-history":[{"count":1,"href":"https:\/\/24formosa.com.ar\/index.php?rest_route=\/wp\/v2\/posts\/3741\/revisions"}],"predecessor-version":[{"id":48931,"href":"https:\/\/24formosa.com.ar\/index.php?rest_route=\/wp\/v2\/posts\/3741\/revisions\/48931"}],"wp:featuredmedia":[{"embeddable":true,"href":"https:\/\/24formosa.com.ar\/index.php?rest_route=\/wp\/v2\/media\/3742"}],"wp:attachment":[{"href":"https:\/\/24formosa.com.ar\/index.php?rest_route=%2Fwp%2Fv2%2Fmedia&parent=3741"}],"wp:term":[{"taxonomy":"category","embeddable":true,"href":"https:\/\/24formosa.com.ar\/index.php?rest_route=%2Fwp%2Fv2%2Fcategories&post=3741"},{"taxonomy":"post_tag","embeddable":true,"href":"https:\/\/24formosa.com.ar\/index.php?rest_route=%2Fwp%2Fv2%2Ftags&post=3741"}],"curies":[{"name":"wp","href":"https:\/\/api.w.org\/{rel}","templated":true}]}}