{"id":3735,"date":"2015-06-02T11:49:51","date_gmt":"2015-06-02T14:49:51","guid":{"rendered":"https:\/\/24formosa.com.ar\/?p=3735"},"modified":"2023-01-16T11:31:27","modified_gmt":"2023-01-16T14:31:27","slug":"segunda-feria-provincial-de-teatro-joven-se-realizara-en-el-teatro-de-la-ciudad","status":"publish","type":"post","link":"https:\/\/24formosa.com.ar\/?p=3735","title":{"rendered":"Segunda Feria Provincial de Teatro Joven\u00a0se realizar\u00e1 en el Teatro de la Ciudad"},"content":{"rendered":"<p style=\"text-align: justify;\"><strong><em>El Teatro de la Ciudad ser\u00e1 sede de la Feria Provincial del Teatro Joven 2015, replicando el \u00e9xito de la primera edici\u00f3n llevada a cabo en octubre pasado en la localidad de Comandante Fontana.<\/em><\/strong><\/p>\n<p style=\"text-align: justify;\">Durante los d\u00edas 5 y 6 de este mes, estudiantes secundarios del interior y de capital, subir\u00e1n al escenario de la sala ubicada en 9 de Julio y Espa\u00f1a para mostrar sus trabajos y compartir distintas\u00a0 capacitaciones.<\/p>\n<p style=\"text-align: justify;\">Organizado por el Instituto Nacional del Teatro y el Ministerio de Cultura y Educaci\u00f3n, este muestreo teatral congregar\u00e1 a elencos juveniles de las localidades de Comandante Fontana, Bartolom\u00e9 de las casas, Campo de aviaci\u00f3n, San Mart\u00edn Dos, Palo Santo, Ibarreta, Pozo del Tigre y Subteniente Per\u00edn, y Formosa capital.<\/p>\n<p style=\"text-align: justify;\">El Plan \u201cFeria Provincial de Teatro J\u00f3ven\u201d surge por iniciativa de la Representaci\u00f3n local del Instituto Nacional del Teatro y de la Asociaci\u00f3n Civil \u201cArlequ\u00edn Amigos\u201d del Teatro de Comandante Fontana, ante la necesidad de sumar pol\u00edticas activas en lo cultural y educativo para los adolescentes, integr\u00e1ndose al conjunto de acciones que contribuyen a darles contenci\u00f3n y oportunidades, a la vez de formarlos como p\u00fablico teatral. Por su parte, el Ministerio de Cultura y Educaci\u00f3n de la Provincia de Formosa viene trabajando, a nivel extracurricular, en el dictado de talleres de expresi\u00f3n teatral en numerosas escuelas secundarias de toda la provincia.<\/p>\n<p style=\"text-align: justify;\">Esta actividad repercuti\u00f3 muy positivamente en la realizaci\u00f3n de los Juegos Culturales Evita, ya que puede apreciarse el crecimiento a\u00f1o a a\u00f1o de los elencos juveniles que se dan cita en las zonales y finales, con creciente nivel t\u00e9cnico y de contenidos. Los resultados de esta actividad de la Cartera Educativa dan cuenta de la existencia de un sector f\u00e9rtil para el fomento y desarrollo del teatro y los valores en toda la provincia.<\/p>\n<p style=\"text-align: justify;\">Asimismo, la realizaci\u00f3n de las diferentes instancias de la Feria Nacional de Ciencia y Tecnolog\u00eda impulsada por el Gobierno Nacional, con activa participaci\u00f3n de la Educaci\u00f3n Art\u00edstica, familiarizan al joven con el sistema de muestra de sus trabajos finales. Esta iniciativa cuenta adem\u00e1s con el auspicio de la Subsecretar\u00eda de Cultura, la Coordinaci\u00f3n Provincial de Educaci\u00f3n Art\u00edstica, el Instituto para el desarrollo del arte y la Cultura de la UNaF.<\/p>\n<p style=\"text-align: justify;\">La experiencia se inici\u00f3 el a\u00f1o pasado en nuestra provincia, con la adaptaci\u00f3n pertinente a la realidad institucional local, y aplicando el concepto de \u201cFeria\u201d en la clave que el Ministerio de Educaci\u00f3n de la Naci\u00f3n emplea. En tal sentido, las c\u00e9lulas del interior provincial, fueron \u00a0los talleres teatrales que desarroll\u00f3 el equipo de la ONG teatral \u201cArlequ\u00edn Amigos del Teatro\u201d, que se llevan a cabo con el auspicio del Ministerio. Cada Colegio Secundario participante de las diferentes localidades de la provincia que se fueron integrando al proyecto, \u00a0envi\u00f3 su grupo de teatro con una obra a presentar a la localidad de Cte. Fontana, la que tuvo una instancia local de selecci\u00f3n en modalidad de Feria, a cargo de los docentes de la instituci\u00f3n. En la Feria Provincial, los alumnos participaron en talleres de capacitaci\u00f3n, mesas redondas y foros de debates abiertos, espacios \u00e9stos en donde se trataron temas espec\u00edficos de la actividad art\u00edstica y de la realidad de los adolescentes.<\/p>\n","protected":false},"excerpt":{"rendered":"<p>El Teatro de la Ciudad ser\u00e1 sede de la Feria Provincial del Teatro Joven 2015,<\/p>\n","protected":false},"author":3,"featured_media":3736,"comment_status":"open","ping_status":"open","sticky":false,"template":"","format":"standard","meta":{"footnotes":""},"categories":[1],"tags":[],"class_list":["post-3735","post","type-post","status-publish","format-standard","has-post-thumbnail","hentry","category-noticias"],"_links":{"self":[{"href":"https:\/\/24formosa.com.ar\/index.php?rest_route=\/wp\/v2\/posts\/3735","targetHints":{"allow":["GET"]}}],"collection":[{"href":"https:\/\/24formosa.com.ar\/index.php?rest_route=\/wp\/v2\/posts"}],"about":[{"href":"https:\/\/24formosa.com.ar\/index.php?rest_route=\/wp\/v2\/types\/post"}],"author":[{"embeddable":true,"href":"https:\/\/24formosa.com.ar\/index.php?rest_route=\/wp\/v2\/users\/3"}],"replies":[{"embeddable":true,"href":"https:\/\/24formosa.com.ar\/index.php?rest_route=%2Fwp%2Fv2%2Fcomments&post=3735"}],"version-history":[{"count":1,"href":"https:\/\/24formosa.com.ar\/index.php?rest_route=\/wp\/v2\/posts\/3735\/revisions"}],"predecessor-version":[{"id":48932,"href":"https:\/\/24formosa.com.ar\/index.php?rest_route=\/wp\/v2\/posts\/3735\/revisions\/48932"}],"wp:featuredmedia":[{"embeddable":true,"href":"https:\/\/24formosa.com.ar\/index.php?rest_route=\/wp\/v2\/media\/3736"}],"wp:attachment":[{"href":"https:\/\/24formosa.com.ar\/index.php?rest_route=%2Fwp%2Fv2%2Fmedia&parent=3735"}],"wp:term":[{"taxonomy":"category","embeddable":true,"href":"https:\/\/24formosa.com.ar\/index.php?rest_route=%2Fwp%2Fv2%2Fcategories&post=3735"},{"taxonomy":"post_tag","embeddable":true,"href":"https:\/\/24formosa.com.ar\/index.php?rest_route=%2Fwp%2Fv2%2Ftags&post=3735"}],"curies":[{"name":"wp","href":"https:\/\/api.w.org\/{rel}","templated":true}]}}