{"id":3732,"date":"2015-06-01T20:42:09","date_gmt":"2015-06-01T23:42:09","guid":{"rendered":"https:\/\/24formosa.com.ar\/?p=3732"},"modified":"2023-01-16T11:31:27","modified_gmt":"2023-01-16T14:31:27","slug":"jornada-de-formacion-directiva-en-el-ipp","status":"publish","type":"post","link":"https:\/\/24formosa.com.ar\/?p=3732","title":{"rendered":"Jornada de formaci\u00f3n directiva en el IPP"},"content":{"rendered":"<p style=\"text-align: justify;\">En el Instituto Pedag\u00f3gico Provincial \u201cJusticia Social\u201d, ubicado sobre la avenida Presidente Ricardo Alfons\u00edn del Barrio Eva Per\u00f3n, se realiz\u00f3 en articulaci\u00f3n con el Ministerio de Cultura y Educaci\u00f3n, la Jornada de Formaci\u00f3n Directiva, en el marco del Programa Provincial de Formaci\u00f3n Docente Permanente y del Plan Provincial de Capacitaci\u00f3n Directiva.<br \/>\nDurante la apertura del encuentro, hicieron uso de la palabra el\u00a0ministro de Cultura y Educaci\u00f3n de la provincia, Dr. Alberto Marcelo Zorrilla; el Rector del IPP, Dr. Orlando Ra\u00fal Aguirre y la Directora de Educaci\u00f3n Superior, Lic. Elsa \u00c1lvarez, quien adem\u00e1s es la Coordinadora del PPFP. Participaron del mismo el equipo del IPPJS, los Directores de todos los niveles y modalidades, Referentes del Programa y Directores y Vicedirectores de las Escuelas de capital de nivel Inicial, Primario y Secundario.<br \/>\nPrimeramente se trat\u00f3 el Marco Pol\u00edtico, Normativo en funci\u00f3n de lo preceptuado por la Constituci\u00f3n Provincial y la de Educaci\u00f3n de Formosa Ley 1613\/14, su fundamento desde el paradigma del Desarrollo de Capacidades.<br \/>\nPosteriormente, agrupados por niveles, debatieron los desaf\u00edos propios de cada nivel y sus implicancias en los desempe\u00f1os de los distintos actores institucionales. En cada agrupamiento se utilizaron diversas t\u00e9cnicas de trabajo y din\u00e1micas grupales tales como, productos audiovisuales, lecturas grupales, an\u00e1lisis del texto de la Ley, y otros.<br \/>\nLa propuesta del Trayecto Formativo se centra en : profundizar las orientaciones y contenidos de Trayecto Formativo instalados en el a\u00f1o 2014 , para una apropiaci\u00f3n cr\u00edtica cada vez m\u00e1s relevante; Incorporar elementos te\u00f3ricos y pr\u00e1cticos que propicien una gesti\u00f3n directiva fuertemente contextualizada y atenta a los requerimientos del desarrollo provincial, en su sentido m\u00e1s abarcativo; Sostener desde la gesti\u00f3n institucional y organizativa de las escuelas los principios pedag\u00f3gicos consagrados en la nueva Ley Provincial de Educaci\u00f3n, con especial \u00e9nfasis aquellos condensados en el paradigma del Desarrollo de Capacidades; Debatir y poner en com\u00fan los \u201cdesaf\u00edos\u201d propios del Nivel y sus implicancias en los desempe\u00f1os de los distintos actores institucionales; Enfatizar en las estrategias y pol\u00edticas de articulaci\u00f3n como herramienta eficaz para lograr la regularidad de las trayectorias escolares.<br \/>\nEn esta oportunidad participaron m\u00e1s de 300 directivos de rodos los niveles y modalidades.<\/p>\n","protected":false},"excerpt":{"rendered":"<p>En el Instituto Pedag\u00f3gico Provincial \u201cJusticia Social\u201d, ubicado sobre la avenida Presidente Ricardo Alfons\u00edn del<\/p>\n","protected":false},"author":3,"featured_media":3733,"comment_status":"open","ping_status":"open","sticky":false,"template":"","format":"standard","meta":{"footnotes":""},"categories":[1],"tags":[],"class_list":["post-3732","post","type-post","status-publish","format-standard","has-post-thumbnail","hentry","category-noticias"],"_links":{"self":[{"href":"https:\/\/24formosa.com.ar\/index.php?rest_route=\/wp\/v2\/posts\/3732","targetHints":{"allow":["GET"]}}],"collection":[{"href":"https:\/\/24formosa.com.ar\/index.php?rest_route=\/wp\/v2\/posts"}],"about":[{"href":"https:\/\/24formosa.com.ar\/index.php?rest_route=\/wp\/v2\/types\/post"}],"author":[{"embeddable":true,"href":"https:\/\/24formosa.com.ar\/index.php?rest_route=\/wp\/v2\/users\/3"}],"replies":[{"embeddable":true,"href":"https:\/\/24formosa.com.ar\/index.php?rest_route=%2Fwp%2Fv2%2Fcomments&post=3732"}],"version-history":[{"count":1,"href":"https:\/\/24formosa.com.ar\/index.php?rest_route=\/wp\/v2\/posts\/3732\/revisions"}],"predecessor-version":[{"id":48933,"href":"https:\/\/24formosa.com.ar\/index.php?rest_route=\/wp\/v2\/posts\/3732\/revisions\/48933"}],"wp:featuredmedia":[{"embeddable":true,"href":"https:\/\/24formosa.com.ar\/index.php?rest_route=\/wp\/v2\/media\/3733"}],"wp:attachment":[{"href":"https:\/\/24formosa.com.ar\/index.php?rest_route=%2Fwp%2Fv2%2Fmedia&parent=3732"}],"wp:term":[{"taxonomy":"category","embeddable":true,"href":"https:\/\/24formosa.com.ar\/index.php?rest_route=%2Fwp%2Fv2%2Fcategories&post=3732"},{"taxonomy":"post_tag","embeddable":true,"href":"https:\/\/24formosa.com.ar\/index.php?rest_route=%2Fwp%2Fv2%2Ftags&post=3732"}],"curies":[{"name":"wp","href":"https:\/\/api.w.org\/{rel}","templated":true}]}}