{"id":3729,"date":"2015-06-01T20:38:12","date_gmt":"2015-06-01T23:38:12","guid":{"rendered":"https:\/\/24formosa.com.ar\/?p=3729"},"modified":"2023-01-16T11:47:00","modified_gmt":"2023-01-16T14:47:00","slug":"colecta-anual-de-caritas","status":"publish","type":"post","link":"https:\/\/24formosa.com.ar\/?p=3729","title":{"rendered":"Colecta Anual de C\u00e1ritas"},"content":{"rendered":"<p style=\"text-align: justify;\">\u201cTodo lo que se comparte se multiplica\u201d \u2013 Papa Francisco. El Vicepresidente y el Director de C\u00e1ritas Formosa, Presb\u00edtero Feliciano Ibarrola y Diacono Permanente Ram\u00f3n Br\u00edtos, invitan a Ud. a la reuni\u00f3n de prensa que se llevar\u00e1 a cabo el d\u00eda jueves 4 de junio a partir de las 09:30 hs, en la Sede de la Instituci\u00f3n, Espa\u00f1a 965.<br \/>\nEn la oportunidad se abordar\u00e1n temas relacionados a la Colecta Anual de Caritas 2015, que se llevar\u00e1 a cabo los d\u00edas 13 y 14 de junio.<br \/>\nEste a\u00f1o el lema la colecta fue tomado de una frase del Papa Francisco: \u201cTodo lo que se comparte se multiplica\u201d, y como es de saber, es una ocasi\u00f3n privilegiada de encuentro solidario en que la comunidad cristiana brinda un espacio en toda la sociedad para crear conciencia y promover el compromiso con los hermanos m\u00e1s pobres y excluidos de nuestro pa\u00eds.<\/p>\n","protected":false},"excerpt":{"rendered":"<p>\u201cTodo lo que se comparte se multiplica\u201d \u2013 Papa Francisco. El Vicepresidente y el Director<\/p>\n","protected":false},"author":3,"featured_media":3730,"comment_status":"open","ping_status":"open","sticky":false,"template":"","format":"standard","meta":{"footnotes":""},"categories":[1],"tags":[],"class_list":["post-3729","post","type-post","status-publish","format-standard","has-post-thumbnail","hentry","category-noticias"],"_links":{"self":[{"href":"https:\/\/24formosa.com.ar\/index.php?rest_route=\/wp\/v2\/posts\/3729","targetHints":{"allow":["GET"]}}],"collection":[{"href":"https:\/\/24formosa.com.ar\/index.php?rest_route=\/wp\/v2\/posts"}],"about":[{"href":"https:\/\/24formosa.com.ar\/index.php?rest_route=\/wp\/v2\/types\/post"}],"author":[{"embeddable":true,"href":"https:\/\/24formosa.com.ar\/index.php?rest_route=\/wp\/v2\/users\/3"}],"replies":[{"embeddable":true,"href":"https:\/\/24formosa.com.ar\/index.php?rest_route=%2Fwp%2Fv2%2Fcomments&post=3729"}],"version-history":[{"count":1,"href":"https:\/\/24formosa.com.ar\/index.php?rest_route=\/wp\/v2\/posts\/3729\/revisions"}],"predecessor-version":[{"id":51839,"href":"https:\/\/24formosa.com.ar\/index.php?rest_route=\/wp\/v2\/posts\/3729\/revisions\/51839"}],"wp:featuredmedia":[{"embeddable":true,"href":"https:\/\/24formosa.com.ar\/index.php?rest_route=\/wp\/v2\/media\/3730"}],"wp:attachment":[{"href":"https:\/\/24formosa.com.ar\/index.php?rest_route=%2Fwp%2Fv2%2Fmedia&parent=3729"}],"wp:term":[{"taxonomy":"category","embeddable":true,"href":"https:\/\/24formosa.com.ar\/index.php?rest_route=%2Fwp%2Fv2%2Fcategories&post=3729"},{"taxonomy":"post_tag","embeddable":true,"href":"https:\/\/24formosa.com.ar\/index.php?rest_route=%2Fwp%2Fv2%2Ftags&post=3729"}],"curies":[{"name":"wp","href":"https:\/\/api.w.org\/{rel}","templated":true}]}}