{"id":3680,"date":"2015-05-28T21:15:33","date_gmt":"2015-05-29T00:15:33","guid":{"rendered":"https:\/\/24formosa.com.ar\/?p=3680"},"modified":"2023-01-16T11:47:01","modified_gmt":"2023-01-16T14:47:01","slug":"la-legislatura-adhirio-a-la-marcha-y-el-acto-en-contra-del-femicidio","status":"publish","type":"post","link":"https:\/\/24formosa.com.ar\/?p=3680","title":{"rendered":"La Legislatura adhiri\u00f3 a la marcha y el acto en contra del femicidio"},"content":{"rendered":"<p style=\"text-align: justify;\">La C\u00e1mara de Diputados de la provincia se adhiri\u00f3 a la marcha y el acto convocado para el 3 de junio pr\u00f3ximo en contra de la violencia de g\u00e9nero y del femicidio que se har\u00e1 en todo el pa\u00eds bajo el lema \u201cni una m\u00e1s\u201d.<\/p>\n<p style=\"text-align: justify;\">Lo hizo con la aprobaci\u00f3n un\u00e1nime de un proyecto de declaraci\u00f3n presentado por la totalidad del bloque justicialista al considerar que se enmarca en las acciones que buscan un profundo cambio cultural contra la violencia de g\u00e9nero que vienen con pol\u00edticas activas que vienen realizando los Gobiernos nacional y provincial.<\/p>\n<p style=\"text-align: justify;\"><strong>Cambio cultural<\/strong><\/p>\n<p style=\"text-align: justify;\">La miembro informante del proyecto, la doctora Mar\u00eda Batista, explic\u00f3 que se trata de una iniciativa suscripta por todo el bloque justicialista record\u00f3 que el gobernador Gildo Insfr\u00e1n, en el pasado \u201cD\u00eda de la Mujer\u201d exhort\u00f3 a todas las mujeres a no tolerar situaciones de violencia de g\u00e9nero.<\/p>\n<p style=\"text-align: justify;\">En ese sentido record\u00f3 que el mandatario las inst\u00f3 a trabajar fuertemente para que se produzca un profundo cambio cultural donde se instalen los nuevos paradigmas en contra de la violencia de g\u00e9nero y de su m\u00e1xima expresi\u00f3n que es el femicidio.<\/p>\n<p style=\"text-align: justify;\"><strong>Trabajo<\/strong><\/p>\n<p style=\"text-align: justify;\">Calific\u00f3 Batista a las gestiones de N\u00e9stor y Cristina Kirchner como las que m\u00e1s hicieron en materia de la protecci\u00f3n de los derechos de las mujeres y mencion\u00f3 la sanci\u00f3n en 2009 de la ley nacional contra la violencia de la mujer.<\/p>\n<p style=\"text-align: justify;\">Mencion\u00f3 que a partir de esa norma se crearon el Observatorio de Violencia de G\u00e9nero y el Consejo Nacional de la Mujer que implementan pol\u00edticas en contra de la violencia de g\u00e9nero y para la protecci\u00f3n de los derechos de las mujeres.<\/p>\n<p style=\"text-align: justify;\">Acot\u00f3 que gracias a esos organismos desde 2009 se tienen estad\u00edsticas en el pa\u00eds sobre casos de violencia de g\u00e9nero lo cual permiten el desarrollo de pol\u00edticas para erradicarlos.<\/p>\n<p style=\"text-align: justify;\">\u201cLos derechos de la mujer pasan porque se nos reconozcan esos derechos que nos ponen en un pie de igualdad con el hombre para llevar una vida digna\u201d, expres\u00f3 la legisladora justicialista.<\/p>\n<p style=\"text-align: justify;\">Enumer\u00f3 entre los derechos que le asisten a la mujer la decisi\u00f3n sobre su cuerpo; sobre la salud sexual y procreaci\u00f3n responsable; a un parto respetado; y a que no se ejerza sobre ella ning\u00fan tipo de violencia.<\/p>\n<p style=\"text-align: justify;\">Aclar\u00f3 que cuando se habla de violencia no se hace referencia a la f\u00edsica solamente sino que alcanza tambi\u00e9n a la sicol\u00f3gica, verbal y medi\u00e1tica en lo que hace a la apariencia f\u00edsica.<\/p>\n<p style=\"text-align: justify;\">Dijo que el parto es una situaci\u00f3n exclusiva de la mujer en el cual se conjugan dos extremos \u201cpor un lado el momento m\u00e1s bello y por el otro de temor y dolor\u201d por lo cual \u201c debe \u201cser respetado y acompa\u00f1ado\u201d.<\/p>\n<p style=\"text-align: justify;\"><strong>Formosa<\/strong><\/p>\n<p style=\"text-align: justify;\">Seguidamente la diputada Batista expres\u00f3 que en nuestra provincia, en el marco del proyecto pol\u00edtico que lleva adelante el gobernador Insfr\u00e1n, se implementaron acciones de protecci\u00f3n contra la violencia \u201cno solo para disminuir sino eliminar los casos de femicidio\u201d, afirm\u00f3.<\/p>\n<p style=\"text-align: justify;\">Cit\u00f3 el trabajo contante que realiza la Secretar\u00eda de la Mujer, con la formaci\u00f3n, capacitaci\u00f3n y acompa\u00f1amiento; la subsecretar\u00eda de Ni\u00f1ez, Adolescencia y Familia del Ministerio de la Comunidad, al tenerse en cuenta que la violencia contra la mujer inicia ya en la ni\u00f1ez.<\/p>\n<p style=\"text-align: justify;\">Adem\u00e1s dijo que el Poder Judicial tiene un \u00e1rea espec\u00edfica para recibir denuncias caratuladas como violencia de g\u00e9nero y que la Polic\u00eda Provincial brinda un trato diferencial a las mujeres que acuden a realizar este tipo de denuncias.<\/p>\n<p style=\"text-align: justify;\">Finalmente Batista reflexion\u00f3 \u201cnadie es m\u00e1s ni menos. Los hombres y mujeres tenemos los mismos derechos, pero \u00e9stos deben ser respetados en forma igualitaria\u201d, concluy\u00f3.<\/p>\n","protected":false},"excerpt":{"rendered":"<p>La C\u00e1mara de Diputados de la provincia se adhiri\u00f3 a la marcha y el acto<\/p>\n","protected":false},"author":3,"featured_media":3681,"comment_status":"open","ping_status":"open","sticky":false,"template":"","format":"standard","meta":{"footnotes":""},"categories":[1],"tags":[],"class_list":["post-3680","post","type-post","status-publish","format-standard","has-post-thumbnail","hentry","category-noticias"],"_links":{"self":[{"href":"https:\/\/24formosa.com.ar\/index.php?rest_route=\/wp\/v2\/posts\/3680","targetHints":{"allow":["GET"]}}],"collection":[{"href":"https:\/\/24formosa.com.ar\/index.php?rest_route=\/wp\/v2\/posts"}],"about":[{"href":"https:\/\/24formosa.com.ar\/index.php?rest_route=\/wp\/v2\/types\/post"}],"author":[{"embeddable":true,"href":"https:\/\/24formosa.com.ar\/index.php?rest_route=\/wp\/v2\/users\/3"}],"replies":[{"embeddable":true,"href":"https:\/\/24formosa.com.ar\/index.php?rest_route=%2Fwp%2Fv2%2Fcomments&post=3680"}],"version-history":[{"count":1,"href":"https:\/\/24formosa.com.ar\/index.php?rest_route=\/wp\/v2\/posts\/3680\/revisions"}],"predecessor-version":[{"id":51848,"href":"https:\/\/24formosa.com.ar\/index.php?rest_route=\/wp\/v2\/posts\/3680\/revisions\/51848"}],"wp:featuredmedia":[{"embeddable":true,"href":"https:\/\/24formosa.com.ar\/index.php?rest_route=\/wp\/v2\/media\/3681"}],"wp:attachment":[{"href":"https:\/\/24formosa.com.ar\/index.php?rest_route=%2Fwp%2Fv2%2Fmedia&parent=3680"}],"wp:term":[{"taxonomy":"category","embeddable":true,"href":"https:\/\/24formosa.com.ar\/index.php?rest_route=%2Fwp%2Fv2%2Fcategories&post=3680"},{"taxonomy":"post_tag","embeddable":true,"href":"https:\/\/24formosa.com.ar\/index.php?rest_route=%2Fwp%2Fv2%2Ftags&post=3680"}],"curies":[{"name":"wp","href":"https:\/\/api.w.org\/{rel}","templated":true}]}}