{"id":3671,"date":"2015-05-28T20:43:26","date_gmt":"2015-05-28T23:43:26","guid":{"rendered":"https:\/\/24formosa.com.ar\/?p=3671"},"modified":"2023-01-16T11:47:01","modified_gmt":"2023-01-16T14:47:01","slug":"este-sabado-se-reune-el-congreso-provincial-del-pj","status":"publish","type":"post","link":"https:\/\/24formosa.com.ar\/?p=3671","title":{"rendered":"Este s\u00e1bado se re\u00fane el Congreso Provincial del PJ"},"content":{"rendered":"<p style=\"text-align: justify;\">Para las 11 del pr\u00f3ximo s\u00e1bado 30 del corriente, en el Estadio Centenario de nuestra ciudad \u2013Fontana 1335- fue convocado el Congreso Provincial del Partido Justicialista \u2013distrito Formosa-, para en sesi\u00f3n extraordinaria abordar un temario estrechamente vinculado a los procesos comiciales previsto para este a\u00f1o. Las PASO inicialmente y con posterioridad las elecciones generales de octubre<\/p>\n<p style=\"text-align: justify;\">La convocatoria surgi\u00f3 en el marco de la reuni\u00f3n de la Mesa Directiva Provincial del PJ, la cual est\u00e1 integrada por el presidente provisional de la C\u00e1mara de Diputados, Armando Cabrera, Esteban Ram\u00edrez, Luis L\u00f3pez Guaymas, Ana Mar\u00eda Del Riccio, Juan Coronel y Argentina Cerd\u00e1n.<br \/>\nEl primer punto del orden del d\u00eda ser\u00e1 el de poner a consideraci\u00f3n del m\u00e1ximo \u00f3rgano partidario, ser\u00e1 la de autorizar a la Mesa Ejecutiva o al propio presidente del PJ formose\u00f1o, a suscribir alianzas electorales con otras agrupaciones pol\u00edticas reconocidas en el distrito bajo la denominaci\u00f3n Sub Lema \u201cFrente Para la Victoria\u201d del Lema Partido Justicialista, a nivel provincial, y \u201cAlianza Frente Para la Victoria\u201d a nivel Nacional. Asimismo, se expondr\u00e1 ante el congreso la necesidad de que faculte expresamente a efectuar acuerdos respecto de la designaci\u00f3n de la Junta Electoral, la designaci\u00f3n de responsable t\u00e9cnico de campa\u00f1a y un representante tecnol\u00f3gico como sus alternos, a pactar la distribuci\u00f3n de fondos y toda otra actuaci\u00f3n relativa al cumplimiento de la ley 26.571 (PASO).<br \/>\nEl segundo punto del temario es el de facultar expresamente a la Mesa Ejecutiva a realizar las designaciones que resulten necesarias para que el Partido Justicialista pueda participar en la contienda del presente a\u00f1o.<br \/>\nLo vinculado a la ratificaci\u00f3n de la plataforma electoral y declaraci\u00f3n de principios del Partido Justicialista que deber\u00e1 hacer propia la Alianza Electoral \u201cFrente Para la Victoria\u201d es el tercer punto del orden del d\u00eda.<br \/>\nEl cuarto tema a poner a consideraci\u00f3n de los congresales ser\u00e1 el de los estados contables y rendiciones de los fondos de campa\u00f1a.<br \/>\nLa designaci\u00f3n del responsable econ\u00f3mico por el Partido Justicialista \u2013 Distrito Formosa- y tambi\u00e9n el de un responsable financiero, la designaci\u00f3n de responsable t\u00e9cnico de campa\u00f1a y un representante tecnol\u00f3gico como sus alternos aparece en el quinto punto.<br \/>\nEl sexto tema del orden del d\u00eda tiene que ver con facultar a los apoderados del partido a realizar todos los tr\u00e1mites necesarios para asegurar la efectiva participaci\u00f3n en las elecciones nacionales y provinciales a realizarse en el corriente a\u00f1o. Especialmente para efectuar las comunicaciones establecidas en la Ley provincial N\u00b0 1503.<\/p>\n","protected":false},"excerpt":{"rendered":"<p>Para las 11 del pr\u00f3ximo s\u00e1bado 30 del corriente, en el Estadio Centenario de nuestra<\/p>\n","protected":false},"author":3,"featured_media":3672,"comment_status":"open","ping_status":"open","sticky":false,"template":"","format":"standard","meta":{"footnotes":""},"categories":[1],"tags":[],"class_list":["post-3671","post","type-post","status-publish","format-standard","has-post-thumbnail","hentry","category-noticias"],"_links":{"self":[{"href":"https:\/\/24formosa.com.ar\/index.php?rest_route=\/wp\/v2\/posts\/3671","targetHints":{"allow":["GET"]}}],"collection":[{"href":"https:\/\/24formosa.com.ar\/index.php?rest_route=\/wp\/v2\/posts"}],"about":[{"href":"https:\/\/24formosa.com.ar\/index.php?rest_route=\/wp\/v2\/types\/post"}],"author":[{"embeddable":true,"href":"https:\/\/24formosa.com.ar\/index.php?rest_route=\/wp\/v2\/users\/3"}],"replies":[{"embeddable":true,"href":"https:\/\/24formosa.com.ar\/index.php?rest_route=%2Fwp%2Fv2%2Fcomments&post=3671"}],"version-history":[{"count":1,"href":"https:\/\/24formosa.com.ar\/index.php?rest_route=\/wp\/v2\/posts\/3671\/revisions"}],"predecessor-version":[{"id":51850,"href":"https:\/\/24formosa.com.ar\/index.php?rest_route=\/wp\/v2\/posts\/3671\/revisions\/51850"}],"wp:featuredmedia":[{"embeddable":true,"href":"https:\/\/24formosa.com.ar\/index.php?rest_route=\/wp\/v2\/media\/3672"}],"wp:attachment":[{"href":"https:\/\/24formosa.com.ar\/index.php?rest_route=%2Fwp%2Fv2%2Fmedia&parent=3671"}],"wp:term":[{"taxonomy":"category","embeddable":true,"href":"https:\/\/24formosa.com.ar\/index.php?rest_route=%2Fwp%2Fv2%2Fcategories&post=3671"},{"taxonomy":"post_tag","embeddable":true,"href":"https:\/\/24formosa.com.ar\/index.php?rest_route=%2Fwp%2Fv2%2Ftags&post=3671"}],"curies":[{"name":"wp","href":"https:\/\/api.w.org\/{rel}","templated":true}]}}