{"id":3665,"date":"2015-05-27T21:46:21","date_gmt":"2015-05-28T00:46:21","guid":{"rendered":"https:\/\/24formosa.com.ar\/?p=3665"},"modified":"2023-01-16T11:47:01","modified_gmt":"2023-01-16T14:47:01","slug":"insfran-valorizo-la-reactivacion-ferroviaria-evoco-a-kirchner-y-apuesto-a-la-continuidad","status":"publish","type":"post","link":"https:\/\/24formosa.com.ar\/?p=3665","title":{"rendered":"Insfr\u00e1n valoriz\u00f3 la reactivaci\u00f3n ferroviaria, evoc\u00f3 a Kirchner y apuest\u00f3 a la continuidad"},"content":{"rendered":"<p style=\"text-align: justify;\">Al hablar en el Galp\u00f3n G para dar la bienvenida al ministro de Interior y Transporte de la Nacion y precandidato presidencial Florencio Randazzo, el gobernador Gildo Insfran valorizo la relevancia que adquiere para la realidad econ\u00f3mica regional la reactivaci\u00f3n del ramal ferroviario C 25; evoco a N\u00e9stor Kirchner a 12 a\u00f1os de haberle dado a Formosa la herramienta que necesitaba para acelerar el proceso de transformaci\u00f3n planificado en el modelo formose\u00f1o y reiter\u00f3 su convicci\u00f3n que el proyecto nacional y popular iniciado en 2003 tendr\u00e1 continuidad porque el pr\u00f3ximo jefe de estado ser\u00e1 un hombre del mismo espacio pol\u00edtico que conduce hoy los destinos del pa\u00eds.<\/p>\n<p style=\"text-align: justify;\">Sobre las PASO de agosto admite que no resulta f\u00e1cil la elecci\u00f3n porque en el caso del FpV debe optarse por dos compa\u00f1eros porque cada uno tiene sus afectos, recordando que Per\u00f3n ense\u00f1aba que para un compa\u00f1ero no hay nada mejor que otro compa\u00f1ero una vez que regreso a la Argentina tras su largo exilio modific\u00f3 la expresi\u00f3n con aquello de que \u201cpara un argentino no hay nada mejor que otro argentino\u201d.<br \/>\nSin embargo, Insfran confi\u00f3 que en esta circunstancia se aferra a la primera opci\u00f3n esto es que \u201cpara un compa\u00f1ero no hay nada mejor que otro compa\u00f1ero\u201d , aprovechando la circunstancia para sugerir otra de las m\u00e1ximas justicialistas de aplicaci\u00f3n para este momento pol\u00edtico interno que se\u00f1ala que hay que evitar mirar hacia el costado para ver que est\u00e1 haciendo el compa\u00f1ero para fijarla mirada enfrente para determinar lo que hace el enemigo.<br \/>\nConsidera el gobernador que es la mejor manera de actuar para seguir realizando la Argentina que quedo inconclusa en 1955 cuando un golpe militar dejo trunco un proceso revolucionario y el 24 de marzo de 1976 con lo que llamo \u201cla obra cumbre de la antipatria \u201c.<br \/>\nAdvirti\u00f3 aqu\u00ed que esos sectores no han desaparecido de la Argentina y que siguen estando agazapados pero presentes aun.<br \/>\n\u201cPor eso digo que estamos transitando por momentos de definiciones y no vamos a estar discutiendo nombres sino proyectos si lo que pretendemos es ir hacia adelante y si es as\u00ed debemos seguir pensando en este proyecto nacional y popular que algunos despectivamente llaman \u201cpopulismo\u201d cuando se trata en realidad de un proyecto que est\u00e1 a favor de los intereses de la mayor\u00eda del pueblo y fundamental y preferencialmente del sector del pueblo que m\u00e1s necesita\u201d, defini\u00f3.<br \/>\nPor otra parte, el gobernador Insfran resalt\u00f3 la importancia del ramal no solamente para la provincia sino para toda la regi\u00f3n por su relevancia geoestrat\u00e9gica porque se pretende que a trav\u00e9s de ella tenga salida franca la producci\u00f3n del sur boliviano, sobre todo la zona de Santa Cruz de la Sierra.<br \/>\nHizo notar que Bolivia no puede pensar en sacar su producci\u00f3n por los puertos de Barranqueras o de Rosario porque est\u00e1n colapsados raz\u00f3n por la cual reconocen que la via inmejorable es derivar sus cargas por las v\u00edas del ferrocarril Belgrano hasta el puerto local utilizando la Hidrovia Paraguay-Paran\u00e1 para transportarlas desde aqu\u00ed hasta cualquier punto del continente o del mundo.<br \/>\nIndico que ese movimiento tambi\u00e9n beneficia a la regi\u00f3n NOA aunque la planificaci\u00f3n prev\u00e9 que haya cargas del NEA y de pa\u00edses del Mercosur que pasen por Formosa a trav\u00e9s de su puerto y ferrocarril para llegar a los mercados asi\u00e1ticos a trav\u00e9s de los puertos de Antofagasta, Mejillones o Iquique, sobre el Pacifico, en Chile.<\/p>\n<p style=\"text-align: justify;\"><strong>28 de mayo, una fecha especial<\/strong><\/p>\n<p style=\"text-align: justify;\">Advirti\u00f3 que quienes est\u00e1n contra este proyecto de pa\u00eds inclusivo son los que manejan en red los grandes medios de comunicaci\u00f3n. \u201cNosotros tenemos solo la palabra del boca a boca y eso dificulta llegar con m\u00e1s rapidez a todos, aunque es m\u00e1s efectiva\u201d<br \/>\nPara Insfran acudir con exclusividad a las redes sociales \u201ces para los pol\u00edticos haraganes\u201d, y tras aclarar que no est\u00e1 en contra de este sistema sino de marcar lo f\u00e1cil es que resulta hacer pol\u00edtica \u201cestado todo el d\u00eda en las redes escribiendo cosas\u201d. De ah\u00ed que insistiera en que \u201cadem\u00e1s de las redes sociales, debemos estar junto a la gente, cuerpo a cuerpo, nosotros somos infantes y la guerra se gana cuando el infante pisa la tierra\u201d, metaforiz\u00f3.<br \/>\nEl gobernador tambi\u00e9n destaco que \u201ceste jueves 28 de mayo es una fecha important\u00edsima para todos los formose\u00f1os, y es que se evoca 12 a\u00f1os de la firma del acta de reparaci\u00f3n hist\u00f3rica del ex presidente N\u00e9stor Kirchner. Es una fecha que quedo en el coraz\u00f3n de todos, piensen o no como nosotros, porque significo la herramienta que nos permiti\u00f3 una extraordinaria transformaci\u00f3n\u201d.<br \/>\nExpuso que esa decisi\u00f3n \u201cpermiti\u00f3 hacer m\u00e1s de dos mil kil\u00f3metros de rutas pavimentadas y otra extensi\u00f3n similar en fibra \u00f3ptica, mas de 13 mil kil\u00f3metros de redes el\u00e9ctricas, m\u00e1s de 150 hospitales y centros de salud, ya superamos las 1100 escuelas (el 30% financiada por Naci\u00f3n y las restantes con recursos genuinos)\u201d.<br \/>\nClarifico esto a partir de que \u201cdicen a diario de que malgastamos y nos sobra la plata. A nosotros nunca nos sobro la plata, al contrario, nos falto.<br \/>\nInsisti\u00f3 en el lema adoptado: \u201cHicimos mucho pero aun queda muchas cosas por hacer\u201d, para marcar el contraste entre la mirada nacional, popular, humanista y profundamente cristiana, y quienes defienden modelos para unos pocos y que sit\u00faan a provincias como Formosa inviable\u201d.<br \/>\n\u201cNo nos fijamos solamente en gastos sino en el ser humano que es el centro de todo nuestro accionar\u201d, subrayo, para ejemplificar las cuatro escuelas y el polideportivo inaugurado en una zona como Perin de baja densidad poblacional. \u201cSi hubi\u00e9ramos pensado en votos no habr\u00edamos ejecutado esas obras, sino que lo hubi\u00e9ramos hechos en cualquier barrio de la ciudad capital. Pero no miramos las pr\u00f3ximas elecciones, sino en las pr\u00f3ximas generaciones, para lo cual cada formose\u00f1o viva donde viva debe tener las mismas posibilidades de realizarse\u201d.<br \/>\nSostuvo que \u201cestas pol\u00edticas p\u00fablicas que encarna el peronismo coloca a Formosa como un mal ejemplo\u201d, a partir de la mirada de quienes son contrarios a este modelo inclusivo.<br \/>\nSe mostro contrario a quienes afirman que\u201d estamos en un fin de ciclo, afirmando que el ciclo continuara, lo que hay es un fin de mandato\u201d, insistiendo en su certeza de que \u201cel pr\u00f3ximo presidente ser\u00e1 un hombre del espacio pol\u00edtico de nuestro movimiento y que profundizara este proyecto iniciado en el 2003\u201d<br \/>\nConcluyo este pron\u00f3stico optimista afirmando que \u201cesto ser\u00e1 as\u00ed por decisi\u00f3n el pueblo\u201d, para robustecer se\u00f1alando que \u201cen las elecciones que se van sucediendo en el pa\u00eds. \u201cNos quer\u00edan hacer creer que una candidata de la vecina provincia se com\u00eda a todos, y despu\u00e9s resulta que votan de otra manera, por lo que queda claro que hay una conciencia nacional y popular, la misma que existe en Formosa\u201d.<\/p>\n","protected":false},"excerpt":{"rendered":"<p>Al hablar en el Galp\u00f3n G para dar la bienvenida al ministro de Interior y<\/p>\n","protected":false},"author":3,"featured_media":3666,"comment_status":"open","ping_status":"open","sticky":false,"template":"","format":"standard","meta":{"footnotes":""},"categories":[1],"tags":[],"class_list":["post-3665","post","type-post","status-publish","format-standard","has-post-thumbnail","hentry","category-noticias"],"_links":{"self":[{"href":"https:\/\/24formosa.com.ar\/index.php?rest_route=\/wp\/v2\/posts\/3665","targetHints":{"allow":["GET"]}}],"collection":[{"href":"https:\/\/24formosa.com.ar\/index.php?rest_route=\/wp\/v2\/posts"}],"about":[{"href":"https:\/\/24formosa.com.ar\/index.php?rest_route=\/wp\/v2\/types\/post"}],"author":[{"embeddable":true,"href":"https:\/\/24formosa.com.ar\/index.php?rest_route=\/wp\/v2\/users\/3"}],"replies":[{"embeddable":true,"href":"https:\/\/24formosa.com.ar\/index.php?rest_route=%2Fwp%2Fv2%2Fcomments&post=3665"}],"version-history":[{"count":1,"href":"https:\/\/24formosa.com.ar\/index.php?rest_route=\/wp\/v2\/posts\/3665\/revisions"}],"predecessor-version":[{"id":51851,"href":"https:\/\/24formosa.com.ar\/index.php?rest_route=\/wp\/v2\/posts\/3665\/revisions\/51851"}],"wp:featuredmedia":[{"embeddable":true,"href":"https:\/\/24formosa.com.ar\/index.php?rest_route=\/wp\/v2\/media\/3666"}],"wp:attachment":[{"href":"https:\/\/24formosa.com.ar\/index.php?rest_route=%2Fwp%2Fv2%2Fmedia&parent=3665"}],"wp:term":[{"taxonomy":"category","embeddable":true,"href":"https:\/\/24formosa.com.ar\/index.php?rest_route=%2Fwp%2Fv2%2Fcategories&post=3665"},{"taxonomy":"post_tag","embeddable":true,"href":"https:\/\/24formosa.com.ar\/index.php?rest_route=%2Fwp%2Fv2%2Ftags&post=3665"}],"curies":[{"name":"wp","href":"https:\/\/api.w.org\/{rel}","templated":true}]}}