{"id":3662,"date":"2015-05-27T21:20:03","date_gmt":"2015-05-28T00:20:03","guid":{"rendered":"https:\/\/24formosa.com.ar\/?p=3662"},"modified":"2023-01-16T11:47:01","modified_gmt":"2023-01-16T14:47:01","slug":"randazzo-anuncio-la-reactivacion-de-trabajos-del-ramal-ferroviario-c-25","status":"publish","type":"post","link":"https:\/\/24formosa.com.ar\/?p=3662","title":{"rendered":"Randazzo anunci\u00f3 la reactivaci\u00f3n de trabajos del ramal ferroviario C-25"},"content":{"rendered":"<p style=\"text-align: justify;\">En el marco del acto que encabez\u00f3 este mi\u00e9rcoles por la ma\u00f1ana junto al gobernador Gildo Insfr\u00e1n en el Galp\u00f3n G del Paseo Costanero, el ministro de Interior y Transporte, Florencio Randazzo anuncio la reactivaci\u00f3n de los trabajos del ramal ferroviario C-25 del Belgrano Cargas que transita en paralelo a la ruta 81. La obra integra unir\u00e1 a esta ciudad con la salte\u00f1a Embarcaci\u00f3n, aunque el tramo primero de 228 kil\u00f3metros vinculara a Mariano Boedo con Pozo del Tigre y que implicar\u00e1 una inversi\u00f3n e 1960 millones de pesos, seg\u00fan asegur\u00f3.<\/p>\n<p style=\"text-align: justify;\">El ministro del Interior y Transporte y precandidato por el FpV para las PASO de agosto, se comprometi\u00f3 a defender la autonom\u00eda de la pol\u00edtica para que haya un presidente independiente que no le tenga miedo a lo que puedan decir las tapas de los diarios para afirmar que la discusi\u00f3n y la pelea actual tiene que ver si al pr\u00f3ximo presidente lo ponen las corporaciones econ\u00f3micas y medi\u00e1ticas o lo consagra el pueblo argentino.<br \/>\n\u201cHay que tenerle miedo a como nos recuerda la historia, a que nos reclamen los argentinos que tienen esperanzas y optimismo puesto en nosotros si fuimos capaces de estar a la altura de las circunstancias\u201d, opino para subrayar que \u201chay que elegir a un presidente que defienda el inter\u00e9s de las mayor\u00edas que es la \u00fanica garant\u00eda de llevar adelante un proceso de transformaci\u00f3n que las incluya\u201d.<br \/>\n\u201cNo se puede tener un mill\u00f3n de amigos cuando uno gobierna,, no se enga\u00f1en ; no se puede porque la torta es la misma y el tema es como se la distribuye ; si estamos dispuestos a avanzar una Argentina con mayor igualdad de oportunidades e inclusi\u00f3n o nos disponemos a resolver a favor de aquellos que tienen mayor poder de ampliaci\u00f3n de lo que dicen y lo que hacen en desmedro del resto de los argentinos\u201d, reflexiono.<br \/>\nRandazzo hablo justamente ante una multitud que se reuni\u00f3 en el Galp\u00f3n G \u201cVuelta Fermosa\u201d, un antiguo galp\u00f3n que guardaba las cargas ferroviarias, para anunciarle al gobernador Gildo Insfran y al pueblo formose\u00f1o sobre la decisi\u00f3n pol\u00edtica nacional de ejecutar las obras de reactivaci\u00f3n del ramal C 25 entre esta ciudad y Embarcaci\u00f3n, Salta, sobre 702 kil\u00f3metros de longitud.<br \/>\nAl hablar sobre el actual proceso nacional, se manifest\u00f3 a favor de sumar al Frente para la Victoria a otras fuerzas pol\u00edticas.<br \/>\nSi bien reconoce que el peronismo es la columna vertebral del FpV. Randazzo tiene la aspiraci\u00f3n de ampliar las fronteras porque hay ciudadanos que se sienten identificados con el actual proyecto porque son muchos los que han recuperado su trabajo, se han podido jubilar, sus hijos reciben la asignaci\u00f3n universal , comprueban que la Argentina est\u00e1 m\u00e1s integrada por Aerol\u00edneas o porque sienten orgullo por haberse recuperado YPF.<br \/>\n\u201cPor eso tenemos que ser lo suficientemente amplios-a\u00f1adi\u00f3- para entender que este proceso necesita de otras fuerzas pol\u00edticas, de otros ciudadanos que ni siquiera hacen referencia a ellas pero que en realidad acompa\u00f1an este proceso de transformaci\u00f3n\u201d.<br \/>\nEl precandidato entiende que se puede ser kirchernista sin ser peronista.\u201dLo que no se puede- opino- es ser peronista sin sentirse kirchnerista porque este es, con acierto o con errores, el gobierno m\u00e1s peronista de los \u00faltimos 50 a\u00f1os\u201d.<br \/>\nReconoce que no ser\u00e1 f\u00e1cil seguir avanzando en el sostenimiento de nuevos derechos y de mayor igualdad e inclusi\u00f3n al interpretar que el destino de la patria esta nuevamente en juego porque los poderes econ\u00f3micos y medi\u00e1ticos tienen candidatos.\u201dNo hay que asustarse por esto, pero los financian, los administran, los promocionan, los sostienen; por que vamos a mirar para otro lado si esto lo sabemos\u201d, enfatizo.<br \/>\n\u201cQueremos perder esta oportunidad nuevamente?\u201d, planteo y trascart\u00f3n record\u00f3 que esto es algo que ya paso en la Argentina para aseverar que si se analiza la hist\u00f3rica democr\u00e1tica reciente esos poderes econ\u00f3micos y medi\u00e1ticos condicionaron a todos los que gobernaron en las \u00e9pocas mas nefastas.<br \/>\nPero tambi\u00e9n considera condicionaron al gobierno de Alfonsin que en aquel momento ten\u00eda una visi\u00f3n de confrontaci\u00f3n con esos poderes porque sent\u00eda que deb\u00eda defender los intereses del conjunto de los argentinos, por encima de ese poder constituido que estaba dado por un proceso muy complejo porque se sal\u00eda de un sistema dictatorial y porque la Argentina ya ten\u00eda niveles de endeudamiento muy importantes que se comenzaron a dar a partir del 24 de marzo de 1976.<br \/>\n\u201cEs que hab\u00eda un estado que estaba en proceso de desguase y ni siquiera le dejaron terminar el proceso democr\u00e1tico a Alfonsin\u201d, menciono para referirse luego a Menem \u201c que en nombre del peronismo nos prometi\u00f3 el para\u00edso y nos termin\u00f3 llevando al infierno enamorado de esos grupos de poder creyendo que lo iban a sostener eternamente\u201d.<br \/>\nManifesto Randazzo que no hay mejor forma de sostener un gobierno que la legitimidad que le da la voluntad popular para mencionar que De La Rua fue la expresi\u00f3n m\u00e1s clara del poder econ\u00f3mico y medi\u00e1tico y poniendo un candidato y la Argentina casi mas termina en un proceso de desintegraci\u00f3n.<br \/>\n\u201cNo volvamos a hacer lo mismo\u201d, convoco para describir que la realidad muestra que hay una gran discusi\u00f3n: \u201dO al pr\u00f3ximo presidente lo ponen las corporaciones econ\u00f3micas y medi\u00e1ticas o lo pone el pueblo argentino, esta es la discusi\u00f3n, esta es la pelea \u201c.<br \/>\nDijo que est\u00e1 dispuesto a dar esa pelea y manifest\u00f3 su convicci\u00f3n que no hay proyecto pol\u00edtico sin candidato.<br \/>\n\u201cCuando se dice el candidato es el proyecto, es cierto; pero no hay proyecto sin candidato\u201d, expreso para fundamentar su decisi\u00f3n de ser parte de este proceso de transformaci\u00f3n iniciado en 2003, la posibilidad de que este proceso contin\u00fae , que haya una Argentina que siga reparando derechos y generando otros nuevos; que los argentinos sigan so\u00f1ando con la posibilidad de un pa\u00eds m\u00e1s justo y que sus hijos puedan esta mejor que sus padres.<\/p>\n<p style=\"text-align: justify;\"><strong>Evoc\u00f3 el 28 de mayo<\/strong><\/p>\n<p style=\"text-align: justify;\">Record\u00f3 que este 28 de mayo se cumpl\u00eda 12 a\u00f1os de la firma del acta de reparaci\u00f3n hist\u00f3rica entre el ex presidente N\u00e9stor Kirchner y el gobernador Gildo Insfran a partir de una \u201cvisi\u00f3n federal de instrumentaci\u00f3n de las pol\u00edticas p\u00fablicas\u201d. Destaco que \u201cen esto mucho tuvo que ver el mandatario formose\u00f1o que hab\u00eda sabido planificar, porque se trato de alguien que contribuyo much\u00edsimo a construir el futuro\u201d, enfatizando que \u201cno hay mejor pol\u00edtica que la buena gesti\u00f3n, y la buena gesti\u00f3n es aquella que mejora la calidad de vida de los ciudadanos, que es la que desarrollo en esta querida provincia el amigo gobernador\u201d.<br \/>\nSignifico el \u201cliderazgo y las buenas decisiones pol\u00edticas con coraje\u201d del mandatario formose\u00f1o y que fueron fundamentales en \u201clos logros alcanzados en esta provincia. Y esto porque no es solo un gestionador, son alguien comprometido con las pol\u00edticas de transformaciones\u201d.<br \/>\nSe defini\u00f3 como un \u201cmilitante de la democracia\u201d, aludiendo al ex presidente radical Ra\u00fal Alfons\u00edn en una de sus citas acerca de que con la \u201cdemocracia se come, se educa y se cura\u201d, destacando que \u201ceste planteaba un modelo inclusivo y que ahora se puede materializar\u201d.<\/p>\n<p style=\"text-align: justify;\"><strong>Ferrocarril<\/strong><\/p>\n<p style=\"text-align: justify;\">\u201cEs un motivo de orgullo estar en esta provincia. Primero porque estamos cumpliendo con un viejo sue\u00f1o de los formose\u00f1os y tambi\u00e9n de mi querido Gildo, y es la posibilidad de que nuevamente pongamos en valor este ramal ferroviario C.-25 que funciona en paralelo a esa ruta 81 que fue pavimentada en su totalidad\u201d, afirmo.<br \/>\nRandazzo anticipo: \u201cVenimos a decirle que vamos a comenzar la obra de reconstrucci\u00f3n del ramal C-25 que va desde Formosa a Embarcaci\u00f3n (Salta) para luego conectarse con el C-15. Esta es una obra que en los primeros 228 kil\u00f3metros que se dividi\u00f3 en 5 tramos, entre Boedo-Pozo del Tigre, demandara una inversi\u00f3n de 1960 millones de pesos<br \/>\nTrabajos que permitir\u00e1n renovar totalmente el ramal, con nuevos terraplenes y durmientes, renovadas v\u00edas y fijaciones, parta que as\u00ed el tren pueda volver a ser el motor del desarrollo de toda la provincia\u201d, enfatizando que \u201cse trata de\u00a0un acto de plena justicia\u201d.<br \/>\nMarco el \u201crol estrat\u00e9gico para el desarrollo del pa\u00eds\u201d que implica el ferrocarril, evocando a Per\u00f3n quien \u201clo asociaba a la soberan\u00eda nacional\u201d.<br \/>\n\u201cA diferencia de los a\u00f1os 90 cuando se dec\u00eda ramal que para ramal que cierra, nosotros le decimos que ramal que arranca ramal que no para nunca m\u00e1s. Donde hubo un tren volver\u00e1 a ver un tren\u201d, aseguro.<\/p>\n","protected":false},"excerpt":{"rendered":"<p>En el marco del acto que encabez\u00f3 este mi\u00e9rcoles por la ma\u00f1ana junto al gobernador<\/p>\n","protected":false},"author":3,"featured_media":3663,"comment_status":"open","ping_status":"open","sticky":false,"template":"","format":"standard","meta":{"footnotes":""},"categories":[1],"tags":[],"class_list":["post-3662","post","type-post","status-publish","format-standard","has-post-thumbnail","hentry","category-noticias"],"_links":{"self":[{"href":"https:\/\/24formosa.com.ar\/index.php?rest_route=\/wp\/v2\/posts\/3662","targetHints":{"allow":["GET"]}}],"collection":[{"href":"https:\/\/24formosa.com.ar\/index.php?rest_route=\/wp\/v2\/posts"}],"about":[{"href":"https:\/\/24formosa.com.ar\/index.php?rest_route=\/wp\/v2\/types\/post"}],"author":[{"embeddable":true,"href":"https:\/\/24formosa.com.ar\/index.php?rest_route=\/wp\/v2\/users\/3"}],"replies":[{"embeddable":true,"href":"https:\/\/24formosa.com.ar\/index.php?rest_route=%2Fwp%2Fv2%2Fcomments&post=3662"}],"version-history":[{"count":1,"href":"https:\/\/24formosa.com.ar\/index.php?rest_route=\/wp\/v2\/posts\/3662\/revisions"}],"predecessor-version":[{"id":51852,"href":"https:\/\/24formosa.com.ar\/index.php?rest_route=\/wp\/v2\/posts\/3662\/revisions\/51852"}],"wp:featuredmedia":[{"embeddable":true,"href":"https:\/\/24formosa.com.ar\/index.php?rest_route=\/wp\/v2\/media\/3663"}],"wp:attachment":[{"href":"https:\/\/24formosa.com.ar\/index.php?rest_route=%2Fwp%2Fv2%2Fmedia&parent=3662"}],"wp:term":[{"taxonomy":"category","embeddable":true,"href":"https:\/\/24formosa.com.ar\/index.php?rest_route=%2Fwp%2Fv2%2Fcategories&post=3662"},{"taxonomy":"post_tag","embeddable":true,"href":"https:\/\/24formosa.com.ar\/index.php?rest_route=%2Fwp%2Fv2%2Ftags&post=3662"}],"curies":[{"name":"wp","href":"https:\/\/api.w.org\/{rel}","templated":true}]}}