{"id":3657,"date":"2015-05-27T21:07:55","date_gmt":"2015-05-28T00:07:55","guid":{"rendered":"https:\/\/24formosa.com.ar\/?p=3657"},"modified":"2023-01-16T11:47:01","modified_gmt":"2023-01-16T14:47:01","slug":"adrian-bogado-valoro-la-reactivacion-del-ferrocarril-belgrano-cargas","status":"publish","type":"post","link":"https:\/\/24formosa.com.ar\/?p=3657","title":{"rendered":"Adri\u00e1n Bogado valor\u00f3 la reactivaci\u00f3n del Ferrocarril Belgrano cargas"},"content":{"rendered":"<p style=\"text-align: justify;\">El Diputado Provincial Adri\u00e1n Bogado, destac\u00f3 este mi\u00e9rcoles el fuerte impulso del Gobierno Nacional a la reactivaci\u00f3n de los ferrocarriles en la Argentina.<\/p>\n<p style=\"text-align: justify;\">En el marco de la visita del Ministro del Interior y Transporte, y Precandidato a Presidente por el FpV, Florencio Randazzo, el Legislador consider\u00f3 que potenciar las v\u00edas navegables y de comunicaci\u00f3n en esta parte del pa\u00eds redundar\u00e1 en cuant\u00edsimos beneficios al \u00e1rea de la producci\u00f3n y a la econom\u00eda en general.<\/p>\n<p style=\"text-align: justify;\">\u201cLos formose\u00f1os recibimos a Randazzo con los brazos abiertos. No solamente viene por decisi\u00f3n pol\u00edtica, sino por las gestiones realizadas en forma conjunta con el Gobernador de la Provincia para concretar el sue\u00f1o de la reactivaci\u00f3n del Ferrocarril Belgrano cargas ramal C 25 que significa much\u00edsimo\u201d, indic\u00f3.<\/p>\n<p style=\"text-align: justify;\">\u201cEste medio de transporte reducir\u00e1 los costos. Fomentar las v\u00edas de comunicaci\u00f3n navegables y el ferrocarril dar\u00e1 un potencial muy importante para el norte argentino. Son obras monumentales para todos los argentinos gracias al Gobierno Justicialista\u201d, resalt\u00f3 Bogado.<\/p>\n<p style=\"text-align: justify;\">Dijo que Florencio Randazzo visita Formosa como Ministro y como precandidato a presidente: \u201cEs un compa\u00f1ero m\u00e1s en el Frente para la Victoria, y lo recibimos con los brazos abiertos. Tenemos que trabajar y tomar la herramienta del ferrocarril para incentivar la producci\u00f3n local\u201d, se\u00f1al\u00f3.<\/p>\n<p style=\"text-align: justify;\"><strong>A\u00f1o electoral<\/strong><\/p>\n<p style=\"text-align: justify;\">Opin\u00f3 adem\u00e1s que en las elecciones presidenciales y provinciales el electorado tendr\u00e1 la oportunidad de elegir por dos modelos de gesti\u00f3n:<\/p>\n<p style=\"text-align: justify;\">\u201cNosotros estamos posicionados en un proyecto que dice No al ajuste, no al desempleo, no a la recesi\u00f3n. Y dice S\u00ed al pleno empleo, a la producci\u00f3n, desarrollo, al empuje de las econom\u00edas regionales de toda la regi\u00f3n\u201d.<\/p>\n<p style=\"text-align: justify;\">\u201cLos j\u00f3venes son el futuro y el presente en acci\u00f3n. Este Gobierno otorga las herramientas a los j\u00f3venes para que se capaciten, formen en un \u00e1mbito adecuado con trabajo digno\u201d.<\/p>\n<p style=\"text-align: justify;\">\u201cPara esto es necesario saber innovar y ser creativos en medio de una situaci\u00f3n geopol\u00edtica favorable. La visi\u00f3n estrat\u00e9gica y la integraci\u00f3n son muy importantes para todos\u201d, postul\u00f3.<\/p>\n<p style=\"text-align: justify;\"><strong>Visita a Alemania<\/strong><\/p>\n<p style=\"text-align: justify;\">El legislador justicialista coment\u00f3 que fue invitado por la fundaci\u00f3n \u201cConrad Adenauer\u201d a visitar Alemania. \u201cAprendimos mucho y abrimos la mente, como con la educaci\u00f3n dual que implementaba el General Per\u00f3n con las escuelas t\u00e9cnicas, con la teor\u00eda y la pr\u00e1ctica en las empresas\u201d.<\/p>\n<p style=\"text-align: justify;\">\u201cAlemania tiene muchas empresas Pymes familiares, con pleno empleo y buena calidad de los productos\u201d. \u201cEn nuestra proyecci\u00f3n apuntamos a revalorizar las escuelas t\u00e9cnicas\u201d, compar\u00f3 Bogado.<\/p>\n<p style=\"text-align: justify;\">En cuanto a econom\u00eda, dijo que en Alemania \u201chay fuerte intervenci\u00f3n del estado para corregir las desigualdades existentes\u201d. \u201cEsto se da en este pa\u00eds desarrollado, teniendo al hombre de carne y hueso como destinatario de todo el accionar pol\u00edtico y econ\u00f3mico\u201d. \u201cEllos aprendieron de los pa\u00edses de Latinoam\u00e9rica y nosotros queremos tomar lo mejor de ellos\u201d, complet\u00f3.<\/p>\n","protected":false},"excerpt":{"rendered":"<p>El Diputado Provincial Adri\u00e1n Bogado, destac\u00f3 este mi\u00e9rcoles el fuerte impulso del Gobierno Nacional a<\/p>\n","protected":false},"author":3,"featured_media":3658,"comment_status":"open","ping_status":"open","sticky":false,"template":"","format":"standard","meta":{"footnotes":""},"categories":[1],"tags":[],"class_list":["post-3657","post","type-post","status-publish","format-standard","has-post-thumbnail","hentry","category-noticias"],"_links":{"self":[{"href":"https:\/\/24formosa.com.ar\/index.php?rest_route=\/wp\/v2\/posts\/3657","targetHints":{"allow":["GET"]}}],"collection":[{"href":"https:\/\/24formosa.com.ar\/index.php?rest_route=\/wp\/v2\/posts"}],"about":[{"href":"https:\/\/24formosa.com.ar\/index.php?rest_route=\/wp\/v2\/types\/post"}],"author":[{"embeddable":true,"href":"https:\/\/24formosa.com.ar\/index.php?rest_route=\/wp\/v2\/users\/3"}],"replies":[{"embeddable":true,"href":"https:\/\/24formosa.com.ar\/index.php?rest_route=%2Fwp%2Fv2%2Fcomments&post=3657"}],"version-history":[{"count":1,"href":"https:\/\/24formosa.com.ar\/index.php?rest_route=\/wp\/v2\/posts\/3657\/revisions"}],"predecessor-version":[{"id":51853,"href":"https:\/\/24formosa.com.ar\/index.php?rest_route=\/wp\/v2\/posts\/3657\/revisions\/51853"}],"wp:featuredmedia":[{"embeddable":true,"href":"https:\/\/24formosa.com.ar\/index.php?rest_route=\/wp\/v2\/media\/3658"}],"wp:attachment":[{"href":"https:\/\/24formosa.com.ar\/index.php?rest_route=%2Fwp%2Fv2%2Fmedia&parent=3657"}],"wp:term":[{"taxonomy":"category","embeddable":true,"href":"https:\/\/24formosa.com.ar\/index.php?rest_route=%2Fwp%2Fv2%2Fcategories&post=3657"},{"taxonomy":"post_tag","embeddable":true,"href":"https:\/\/24formosa.com.ar\/index.php?rest_route=%2Fwp%2Fv2%2Ftags&post=3657"}],"curies":[{"name":"wp","href":"https:\/\/api.w.org\/{rel}","templated":true}]}}