{"id":34795,"date":"2021-05-14T19:55:44","date_gmt":"2021-05-14T22:55:44","guid":{"rendered":"https:\/\/24formosa.com.ar\/?p=34795"},"modified":"2021-05-14T19:55:44","modified_gmt":"2021-05-14T22:55:44","slug":"covid-19-la-ventilacion-de-ambientes-es-esencial-para-evitar-la-propagacion-del-virus","status":"publish","type":"post","link":"https:\/\/24formosa.com.ar\/?p=34795","title":{"rendered":"COVID-19: La ventilaci\u00f3n de ambientes es esencial para evitar la propagaci\u00f3n del virus"},"content":{"rendered":"\n<p><em>Bibolini insisti\u00f3 en la necesidad de ventilar los espacios cerrados para evitar la propagaci\u00f3n del coronavirus, a\u00fan ante bajas temperaturas. A la vez, inform\u00f3 que el uso de Unidades de Terapias Intensiva (UTI) se mantiene \u201cestable\u201d con 129 pacientes en ellas.<\/em><\/p>\n\n\n\n<p>El m\u00e9dico infect\u00f3logo, Juli\u00e1n Bibolini, inform\u00f3 en el parte de prensa de este viernes del Consejo de Atenci\u00f3n Integral de la Emergencia COVID-19 \u201cDr. Enrique Servian\u201d, que el coronavirus se transmite principalmente por v\u00eda a\u00e9rea, es decir, por aerosoles que quedan suspendidos en el aire por horas en espacios cerrados y que el m\u00e9todo m\u00e1s eficaz para deshacerse de de ellos es abrir las ventanas.<\/p>\n\n\n\n<p>En este sentido, coment\u00f3 que las puertas y ventanas deben producir una ventilaci\u00f3n de manera cruzada, constante y distribuida, para lograr una mayor renovaci\u00f3n de aire por un periodo de tiempo. Y recalc\u00f3 que ventilar se suma a las otras recomendaciones, no las reemplaza.<\/p>\n\n\n\n<p>Se\u00f1al\u00f3 adem\u00e1s que \u201ces necesario que los contagios desciendan, los valores son muy altos para brindar la mejor atenci\u00f3n a los ciudadanos y ciudadanas\u201d, por lo que remarc\u00f3 una vez m\u00e1s que el uso del barbijo, el lavado frecuente de manos con agua y jab\u00f3n, alcohol en gel y el distanciamiento social, son las mejores herramientas para evitar contagiarse.<\/p>\n\n\n\n<p><strong>UTI<\/strong><\/p>\n\n\n\n<p>En cuanto al uso de las terapias intensivas, el especialista cont\u00f3 que 129 personas se encuentran internadas en las UTI, distribuidas en diferentes nosocomios.<\/p>\n\n\n\n<p>\u201cEl uso de la terapia intensiva se mantiene estabilizada a pesar de la gran cantidad de diagn\u00f3sticos diarios. Actualmente son 129 pacientes, tensiona al equipo m\u00e9dico y a quienes est\u00e9n atendiendo en el contexto de pandemia.Necesitamos que los casos disminuyan\u201d, finaliz\u00f3.<\/p>\n","protected":false},"excerpt":{"rendered":"<p>Bibolini insisti\u00f3 en la necesidad de ventilar los espacios cerrados para evitar la propagaci\u00f3n del<\/p>\n","protected":false},"author":8,"featured_media":34796,"comment_status":"open","ping_status":"open","sticky":false,"template":"","format":"standard","meta":{"footnotes":""},"categories":[1],"tags":[],"class_list":["post-34795","post","type-post","status-publish","format-standard","has-post-thumbnail","hentry","category-noticias"],"_links":{"self":[{"href":"https:\/\/24formosa.com.ar\/index.php?rest_route=\/wp\/v2\/posts\/34795","targetHints":{"allow":["GET"]}}],"collection":[{"href":"https:\/\/24formosa.com.ar\/index.php?rest_route=\/wp\/v2\/posts"}],"about":[{"href":"https:\/\/24formosa.com.ar\/index.php?rest_route=\/wp\/v2\/types\/post"}],"author":[{"embeddable":true,"href":"https:\/\/24formosa.com.ar\/index.php?rest_route=\/wp\/v2\/users\/8"}],"replies":[{"embeddable":true,"href":"https:\/\/24formosa.com.ar\/index.php?rest_route=%2Fwp%2Fv2%2Fcomments&post=34795"}],"version-history":[{"count":1,"href":"https:\/\/24formosa.com.ar\/index.php?rest_route=\/wp\/v2\/posts\/34795\/revisions"}],"predecessor-version":[{"id":34797,"href":"https:\/\/24formosa.com.ar\/index.php?rest_route=\/wp\/v2\/posts\/34795\/revisions\/34797"}],"wp:featuredmedia":[{"embeddable":true,"href":"https:\/\/24formosa.com.ar\/index.php?rest_route=\/wp\/v2\/media\/34796"}],"wp:attachment":[{"href":"https:\/\/24formosa.com.ar\/index.php?rest_route=%2Fwp%2Fv2%2Fmedia&parent=34795"}],"wp:term":[{"taxonomy":"category","embeddable":true,"href":"https:\/\/24formosa.com.ar\/index.php?rest_route=%2Fwp%2Fv2%2Fcategories&post=34795"},{"taxonomy":"post_tag","embeddable":true,"href":"https:\/\/24formosa.com.ar\/index.php?rest_route=%2Fwp%2Fv2%2Ftags&post=34795"}],"curies":[{"name":"wp","href":"https:\/\/api.w.org\/{rel}","templated":true}]}}