{"id":34780,"date":"2021-05-14T19:45:45","date_gmt":"2021-05-14T22:45:45","guid":{"rendered":"https:\/\/24formosa.com.ar\/?p=34780"},"modified":"2021-05-14T19:45:46","modified_gmt":"2021-05-14T22:45:46","slug":"con-la-vacunacion-en-el-oeste-formosa-termino-de-inocular-con-la-primera-dosis-a-los-adultos-mayores-de-60-anos","status":"publish","type":"post","link":"https:\/\/24formosa.com.ar\/?p=34780","title":{"rendered":"Con la vacunaci\u00f3n en el oeste, Formosa termin\u00f3 de inocular con la primera dosis a los adultos mayores de 60 a\u00f1os"},"content":{"rendered":"\n<p><em>Este viernes 14 se realiz\u00f3 la \u00faltima de las tres intensas jornadas de vacunaci\u00f3n en el oeste, recibiendo la vacuna contra el COVID-19 los adultos mayores de las clases 1960 y anteriores, residentes del Departamento Ram\u00f3n Lista. De esta manera, Formosa termin\u00f3 de aplicar la primera dosis en todos los comprovincianos de esa franja etaria.<\/em><\/p>\n\n\n\n<p>En esta oportunidad, el Plan Provincial de Vacunaci\u00f3n se desarroll\u00f3 de manera exitosa en las localidades de El Chorro, Barrio San Miguel, El Potrillo, El Quebracho, Lote 8, Tucumancito, Santa Teresa, Mar\u00eda Cristina, Pozo de Maza, La Rinconada, Sombrero Negro y comunidades aleda\u00f1as.<\/p>\n\n\n\n<p>\u201cAqu\u00ed, en el extremo oeste, estamos finalizando el recorrido de todo el territorio provincial, llegando al menos con una dosis a todas las personas mayores de 60 a\u00f1os\u201d, inform\u00f3 a&nbsp;<strong>AGENFOR<\/strong>&nbsp;el jefe del Departamento de Inmunizaciones del Ministerio de Desarrollo Humano, el licenciado Julio Arroyo.<\/p>\n\n\n\n<p>En contexto, ampli\u00f3 que ya se encuentran trabajando en la organizaci\u00f3n para la aplicaci\u00f3n de las pr\u00f3ximas vacunas. \u201cA medida que llegan nuevas dosis se proyecta el avance de la vacunaci\u00f3n, siempre teniendo en cuenta el contexto epidemiol\u00f3gico y c\u00f3mo se comporta la enfermedad\u201d, indic\u00f3.<\/p>\n\n\n\n<p>Y agreg\u00f3: \u201cTambi\u00e9n estamos planificando para comenzar pr\u00f3ximamente a inocular con la segunda dosis de la Sinopharm a todas las personas que ya recibieron la primera aplicaci\u00f3n\u201d.<\/p>\n\n\n\n<p>A su vez, record\u00f3 a la comunidad que el lapso entre cualquier vacuna de calendario y la antiCOVID es de 14 d\u00edas.<\/p>\n\n\n\n<figure class=\"wp-block-image\"><a href=\"https:\/\/agenfor.com.ar\/wp-content\/uploads\/2021\/05\/WhatsApp-Image-2021-05-14-at-13.11.401.jpeg\"><img decoding=\"async\" src=\"https:\/\/agenfor.com.ar\/wp-content\/uploads\/2021\/05\/WhatsApp-Image-2021-05-14-at-13.11.401-1024x682.jpeg\" alt=\"\" class=\"wp-image-99588\"\/><\/a><\/figure>\n\n\n\n<p><strong>Alegr\u00eda<\/strong><\/p>\n\n\n\n<p>En varios testimonios recogidos por esta Agencia, la mayor\u00eda de sus comprovincianos coincidieron en destacar el trabajo incansable y comprometido que realiza el personal de salud, del Ministerio de Desarrollo Humano, a cargo de cada jornada de inoculaci\u00f3n.<\/p>\n\n\n\n<p>En esta l\u00ednea, un vecino de Santa Teresa expres\u00f3: \u201cConf\u00edo en la vacuna, en los m\u00e9dicos\u201d, aseverando que se encuentra feliz por haber sido inoculado. Por su parte, Luis Palma, enfermo de la localidad de Mar\u00eda Cristina, se refiri\u00f3 a la vacunaci\u00f3n como \u201cun gran beneficio para toda la poblaci\u00f3n\u201d.<\/p>\n\n\n\n<p>Por su parte, el presidente de Fomento, Adolfo P\u00e9rez, exclam\u00f3: \u201cEsper\u00e1bamos este d\u00eda porque sabemos que nuestro Gobernador no nos olvida\u201d, resalt\u00f3.<\/p>\n\n\n\n<p>\u201cEstoy muy agradecido y contento por la rapidez con que se est\u00e1 vacunando. Hace muy poco empez\u00f3 la campa\u00f1a en Formosa Capital y hoy ya estamos vacunando en el otro extremo, en la punta del mapa de la provincia de Formosa (en el oeste, al l\u00edmite con Salta) y a la totalidad de todas las comunidades\u201d, finaliz\u00f3<\/p>\n\n\n\n<figure class=\"wp-block-image\"><a href=\"https:\/\/agenfor.com.ar\/wp-content\/uploads\/2021\/05\/WhatsApp-Image-2021-05-14-at-13.11.40.jpeg\"><img decoding=\"async\" src=\"https:\/\/agenfor.com.ar\/wp-content\/uploads\/2021\/05\/WhatsApp-Image-2021-05-14-at-13.11.40-682x1024.jpeg\" alt=\"\" class=\"wp-image-99589\"\/><\/a><\/figure>\n","protected":false},"excerpt":{"rendered":"<p>Este viernes 14 se realiz\u00f3 la \u00faltima de las tres intensas jornadas de vacunaci\u00f3n en<\/p>\n","protected":false},"author":8,"featured_media":34781,"comment_status":"open","ping_status":"open","sticky":false,"template":"","format":"standard","meta":{"footnotes":""},"categories":[1],"tags":[],"class_list":["post-34780","post","type-post","status-publish","format-standard","has-post-thumbnail","hentry","category-noticias"],"_links":{"self":[{"href":"https:\/\/24formosa.com.ar\/index.php?rest_route=\/wp\/v2\/posts\/34780","targetHints":{"allow":["GET"]}}],"collection":[{"href":"https:\/\/24formosa.com.ar\/index.php?rest_route=\/wp\/v2\/posts"}],"about":[{"href":"https:\/\/24formosa.com.ar\/index.php?rest_route=\/wp\/v2\/types\/post"}],"author":[{"embeddable":true,"href":"https:\/\/24formosa.com.ar\/index.php?rest_route=\/wp\/v2\/users\/8"}],"replies":[{"embeddable":true,"href":"https:\/\/24formosa.com.ar\/index.php?rest_route=%2Fwp%2Fv2%2Fcomments&post=34780"}],"version-history":[{"count":1,"href":"https:\/\/24formosa.com.ar\/index.php?rest_route=\/wp\/v2\/posts\/34780\/revisions"}],"predecessor-version":[{"id":34782,"href":"https:\/\/24formosa.com.ar\/index.php?rest_route=\/wp\/v2\/posts\/34780\/revisions\/34782"}],"wp:featuredmedia":[{"embeddable":true,"href":"https:\/\/24formosa.com.ar\/index.php?rest_route=\/wp\/v2\/media\/34781"}],"wp:attachment":[{"href":"https:\/\/24formosa.com.ar\/index.php?rest_route=%2Fwp%2Fv2%2Fmedia&parent=34780"}],"wp:term":[{"taxonomy":"category","embeddable":true,"href":"https:\/\/24formosa.com.ar\/index.php?rest_route=%2Fwp%2Fv2%2Fcategories&post=34780"},{"taxonomy":"post_tag","embeddable":true,"href":"https:\/\/24formosa.com.ar\/index.php?rest_route=%2Fwp%2Fv2%2Ftags&post=34780"}],"curies":[{"name":"wp","href":"https:\/\/api.w.org\/{rel}","templated":true}]}}