{"id":34728,"date":"2021-05-13T19:45:30","date_gmt":"2021-05-13T22:45:30","guid":{"rendered":"https:\/\/24formosa.com.ar\/?p=34728"},"modified":"2021-05-13T19:45:30","modified_gmt":"2021-05-13T22:45:30","slug":"gildo-insfran-presidio-descubrimiento-de-busto-en-honor-al-mariscal-francisco-solano-lopez","status":"publish","type":"post","link":"https:\/\/24formosa.com.ar\/?p=34728","title":{"rendered":"Gildo Insfr\u00e1n presidi\u00f3 descubrimiento de busto en honor al mariscal Francisco Solano L\u00f3pez"},"content":{"rendered":"\n<p><em>El gobernador Gildo Insfr\u00e1n presidi\u00f3 este jueves el descubrimiento de un busto en honor del mariscal Francisco Solano L\u00f3pez Carrillo, emplazado en la intersecci\u00f3n de la avenida 9 de Julio y Salta, de la ciudad de Formosa.<\/em><\/p>\n\n\n\n<p>El acto se realiz\u00f3 en coincidencia con el inicio de los festejos por la conmemoraci\u00f3n de los 210 a\u00f1os de la Independencia de la Rep\u00fablica del Paraguay.<\/p>\n\n\n\n<p>Asistieron a la breve ceremonia, el vicegobernador Eber Sol\u00eds, el c\u00f3nsul de la Rep\u00fablica del Paraguay en Formosa, Fernando Acosta, el presidente del Superior Tribunal de Justicia, Marcos Bruno Quinteros, el intendente capitalino Jorge Jofr\u00e9, el jefe de Gabinete de ministros del PE Antonio Ferreira, y funcionarios consulares.<\/p>\n\n\n\n<p>&nbsp;Solano L\u00f3pez naci\u00f3 el 24 de julio de 1827 en Asunci\u00f3n, &nbsp;fue el segundo presidente constitucional de la Rep\u00fablica del Paraguay entre 1862 y 1870. Se desempe\u00f1\u00f3 como comandante en jefe de las Fuerzas Armadas, presidente y jefe supremo de la naci\u00f3n paraguaya durante la Guerra de la Triple Alianza. Sus restos descansan en el Pante\u00f3n de los H\u00e9roes en Asunci\u00f3n del Paraguay.<\/p>\n\n\n\n<figure class=\"wp-block-image\"><a href=\"https:\/\/agenfor.com.ar\/wp-content\/uploads\/2021\/05\/autoridades.jpg\"><img decoding=\"async\" src=\"https:\/\/agenfor.com.ar\/wp-content\/uploads\/2021\/05\/autoridades-1024x682.jpg\" alt=\"\" class=\"wp-image-99569\"\/><\/a><\/figure>\n\n\n\n<p>La ceremonia de descubrimiento del busto estuvo a cargo del gobernador Insfr\u00e1n, y el c\u00f3nsul Acosta, tras lo cual el funcionario del vecino pa\u00eds, dirigi\u00f3 palabras de agradecimiento.<\/p>\n\n\n\n<p>\u201cQuiero agradecerle a usted Gobernador y su equipo por todo el apoyo que nos brind\u00f3 en forma permanente no s\u00f3lo para concretar este proyecto, sino en general, por toda la ayuda que brinda a la Rep\u00fablica del Paraguay\u201d se\u00f1al\u00f3 Acosta.<\/p>\n\n\n\n<p>\u201cQuiero agradecer a todas las autoridades de Formosa por la concreci\u00f3n de este proyecto largamente anhelado, que a partir de este momento constituir\u00e1 un espacio para rendir un justo homenaje al m\u00e1ximo h\u00e9roe de la naci\u00f3n paraguaya, el mariscal Francisco Solano L\u00f3pez\u201d consider\u00f3.<\/p>\n\n\n\n<figure class=\"wp-block-image\"><a href=\"https:\/\/agenfor.com.ar\/wp-content\/uploads\/2021\/05\/saludo.jpg\"><img decoding=\"async\" src=\"https:\/\/agenfor.com.ar\/wp-content\/uploads\/2021\/05\/saludo-1024x682.jpg\" alt=\"\" class=\"wp-image-99570\"\/><\/a><\/figure>\n\n\n\n<p>Destac\u00f3 la participaci\u00f3n de sus connacionales en representaci\u00f3n de \u201clos paraguayos que han sido acogidos en esta bendita, tan cara a mis afectos, querida provincia de Formosa. El presente acto es una muestra m\u00e1s de las s\u00f3lidas y estrechas relaciones entre la Rep\u00fablica del Paraguay y la provincia de Formosa, que han sabido desarrollar v\u00ednculos basados en valores de amistad, hermandad y solidaridad, adem\u00e1s de los lazos hist\u00f3ricos, econ\u00f3micos y culturales\u201d.<\/p>\n\n\n\n<p>Se\u00f1al\u00f3 el c\u00f3nsul que el acto se da al iniciarse los festejos por la conmemoraci\u00f3n de los 210 a\u00f1os de la Independencia del Paraguay como una forma de \u201chomenajear a los pr\u00f3ceres de la Patria quienes en 1811 lograron nuestra independencia. Estoy seguro que a partir de la presente inauguraci\u00f3n, los paraguayos y formose\u00f1os amigos de mi pa\u00eds, tendremos un lugar donde rendir un homenaje a los h\u00e9roes del Paraguay y recordar las fechas importantes\u201d.<\/p>\n\n\n\n<p>Asimismo hizo extensiva su felicitaci\u00f3n a las madres paraguayas, quienes cumplieron \u201cun rol trascendental en los momentos m\u00e1s dif\u00edciles vividos por el Paraguay. La mujer m\u00e1s gloriosa de Am\u00e9rica, como bien lo dijera nuestro querido Papa Francisco, en conmemoraci\u00f3n del D\u00eda de las Madres el pr\u00f3ximo 15 de mayo\u201d.<\/p>\n\n\n\n<p>Se trata de un busto realizado en hormig\u00f3n por las manos de los artistas formose\u00f1os, Mart\u00edn Albornoz y Pablo Vacasur en color bronce, y se encuentra orientado hacia el pa\u00eds hermano. Se eligi\u00f3 una morfolog\u00eda de aspecto moderno, revestido en m\u00e1rmol moderno, iluminado con los colores de la bandera paraguaya: rojo, blanco y azul.<\/p>\n","protected":false},"excerpt":{"rendered":"<p>El gobernador Gildo Insfr\u00e1n presidi\u00f3 este jueves el descubrimiento de un busto en honor del<\/p>\n","protected":false},"author":8,"featured_media":34729,"comment_status":"open","ping_status":"open","sticky":false,"template":"","format":"standard","meta":{"footnotes":""},"categories":[1],"tags":[],"class_list":["post-34728","post","type-post","status-publish","format-standard","has-post-thumbnail","hentry","category-noticias"],"_links":{"self":[{"href":"https:\/\/24formosa.com.ar\/index.php?rest_route=\/wp\/v2\/posts\/34728","targetHints":{"allow":["GET"]}}],"collection":[{"href":"https:\/\/24formosa.com.ar\/index.php?rest_route=\/wp\/v2\/posts"}],"about":[{"href":"https:\/\/24formosa.com.ar\/index.php?rest_route=\/wp\/v2\/types\/post"}],"author":[{"embeddable":true,"href":"https:\/\/24formosa.com.ar\/index.php?rest_route=\/wp\/v2\/users\/8"}],"replies":[{"embeddable":true,"href":"https:\/\/24formosa.com.ar\/index.php?rest_route=%2Fwp%2Fv2%2Fcomments&post=34728"}],"version-history":[{"count":1,"href":"https:\/\/24formosa.com.ar\/index.php?rest_route=\/wp\/v2\/posts\/34728\/revisions"}],"predecessor-version":[{"id":34730,"href":"https:\/\/24formosa.com.ar\/index.php?rest_route=\/wp\/v2\/posts\/34728\/revisions\/34730"}],"wp:featuredmedia":[{"embeddable":true,"href":"https:\/\/24formosa.com.ar\/index.php?rest_route=\/wp\/v2\/media\/34729"}],"wp:attachment":[{"href":"https:\/\/24formosa.com.ar\/index.php?rest_route=%2Fwp%2Fv2%2Fmedia&parent=34728"}],"wp:term":[{"taxonomy":"category","embeddable":true,"href":"https:\/\/24formosa.com.ar\/index.php?rest_route=%2Fwp%2Fv2%2Fcategories&post=34728"},{"taxonomy":"post_tag","embeddable":true,"href":"https:\/\/24formosa.com.ar\/index.php?rest_route=%2Fwp%2Fv2%2Ftags&post=34728"}],"curies":[{"name":"wp","href":"https:\/\/api.w.org\/{rel}","templated":true}]}}