{"id":34719,"date":"2021-05-13T11:07:39","date_gmt":"2021-05-13T14:07:39","guid":{"rendered":"https:\/\/24formosa.com.ar\/?p=34719"},"modified":"2021-05-13T11:07:39","modified_gmt":"2021-05-13T14:07:39","slug":"el-presidente-se-reunio-a-solas-con-el-papa-francisco-en-el-vaticano","status":"publish","type":"post","link":"https:\/\/24formosa.com.ar\/?p=34719","title":{"rendered":"El Presidente se reuni\u00f3 a solas con el papa Francisco en el Vaticano"},"content":{"rendered":"\n<p>El presidente Alberto Fern\u00e1ndez dijo este jueves que, en el encuentro que mantuvo esta ma\u00f1ana con el papa Francisco en el Vaticano, el pont\u00edfice le \u00abexpres\u00f3 su idea de apoyarnos en todo lo que pueda\u00bb y sostuvo que se trat\u00f3 de \u00abun muy lindo encuentro\u00bb.<\/p>\n\n\n\n<p>\u00abHablamos de todos los problemas que aquejan al mundo y la Argentina. Como siempre \u00e9l con su gran predisposici\u00f3n para ayudarnos. Le coment\u00e9 lo que est\u00e1bamos haciendo, c\u00f3mo avanzamos en las negociaciones y \u00e9l, como siempre hace, me expres\u00f3 su idea de apoyarnos en todo lo que pueda\u00bb, dijo el mandatario en declaraciones a la prensa argentina que cubre la gira por Europa.<\/p>\n\n\n\n<p>En la puerta del hotel donde se hospeda en la ciudad de Roma, Fern\u00e1ndez cont\u00f3 que habl\u00f3 con el Papa \u00abde los problemas del mundo\u00bb y calific\u00f3 la charla como un \u00abmuy lindo encuentro\u00bb.<\/p>\n\n\n\n<p>\u00abFue un muy lindo encuentro; hac\u00eda un tiempo que no lo ve\u00eda y reencontrarlo fue muy grato para m\u00ed\u00bb, complet\u00f3 el mandatario.<\/p>\n\n\n\n<p>\u00abHablamos de todo, de los problemas del mundo, de la Argentina, como siempre, con su gran predisposici\u00f3n por ayudarnos, y bueno, despu\u00e9s hablamos de cosas nuestras\u00bb, dijo tambi\u00e9n.<\/p>\n\n\n\n<p>Asimismo, relat\u00f3 que le coment\u00f3 c\u00f3mo est\u00e1n \u00abavanzando en las negociaciones\u00bb con los organismos internacionales de cr\u00e9dito para refinanciar la deuda argentina y cont\u00f3: \u00abComo siempre hace, me expres\u00f3 su idea de apoyarnos en todo\u00bb.<\/p>\n\n\n\n<p>Finalmente, ante una consulta, afirm\u00f3 que le reiter\u00f3 su invitaci\u00f3n al Papa para que visite la Argentina, pero aclar\u00f3: \u00abEso es una decisi\u00f3n de \u00e9l\u00bb.<\/p>\n\n\n\n<p>T\u00e9lam<\/p>\n","protected":false},"excerpt":{"rendered":"<p>El presidente Alberto Fern\u00e1ndez dijo este jueves que, en el encuentro que mantuvo esta ma\u00f1ana<\/p>\n","protected":false},"author":8,"featured_media":34720,"comment_status":"open","ping_status":"open","sticky":false,"template":"","format":"standard","meta":{"footnotes":""},"categories":[1],"tags":[],"class_list":["post-34719","post","type-post","status-publish","format-standard","has-post-thumbnail","hentry","category-noticias"],"_links":{"self":[{"href":"https:\/\/24formosa.com.ar\/index.php?rest_route=\/wp\/v2\/posts\/34719","targetHints":{"allow":["GET"]}}],"collection":[{"href":"https:\/\/24formosa.com.ar\/index.php?rest_route=\/wp\/v2\/posts"}],"about":[{"href":"https:\/\/24formosa.com.ar\/index.php?rest_route=\/wp\/v2\/types\/post"}],"author":[{"embeddable":true,"href":"https:\/\/24formosa.com.ar\/index.php?rest_route=\/wp\/v2\/users\/8"}],"replies":[{"embeddable":true,"href":"https:\/\/24formosa.com.ar\/index.php?rest_route=%2Fwp%2Fv2%2Fcomments&post=34719"}],"version-history":[{"count":1,"href":"https:\/\/24formosa.com.ar\/index.php?rest_route=\/wp\/v2\/posts\/34719\/revisions"}],"predecessor-version":[{"id":34721,"href":"https:\/\/24formosa.com.ar\/index.php?rest_route=\/wp\/v2\/posts\/34719\/revisions\/34721"}],"wp:featuredmedia":[{"embeddable":true,"href":"https:\/\/24formosa.com.ar\/index.php?rest_route=\/wp\/v2\/media\/34720"}],"wp:attachment":[{"href":"https:\/\/24formosa.com.ar\/index.php?rest_route=%2Fwp%2Fv2%2Fmedia&parent=34719"}],"wp:term":[{"taxonomy":"category","embeddable":true,"href":"https:\/\/24formosa.com.ar\/index.php?rest_route=%2Fwp%2Fv2%2Fcategories&post=34719"},{"taxonomy":"post_tag","embeddable":true,"href":"https:\/\/24formosa.com.ar\/index.php?rest_route=%2Fwp%2Fv2%2Ftags&post=34719"}],"curies":[{"name":"wp","href":"https:\/\/api.w.org\/{rel}","templated":true}]}}