{"id":34712,"date":"2021-05-13T10:58:51","date_gmt":"2021-05-13T13:58:51","guid":{"rendered":"https:\/\/24formosa.com.ar\/?p=34712"},"modified":"2021-05-13T10:58:52","modified_gmt":"2021-05-13T13:58:52","slug":"esteban-andrada-regreso-al-pais-tras-estar-diez-dias-aislado-en-ecuador","status":"publish","type":"post","link":"https:\/\/24formosa.com.ar\/?p=34712","title":{"rendered":"Esteban Andrada regres\u00f3 al pa\u00eds tras estar diez d\u00edas aislado en Ecuador"},"content":{"rendered":"\n<p><strong><em>Ahora, el arquero de Boca deber\u00e1 realizar un nuevo aislamiento de 10 d\u00edas seg\u00fan lo estipulan los protocolos sanitarios y luego ser\u00e1 sometido a estudios cardiol\u00f3gicos para comprobar si le quedaron secuelas tras haberse contagiado.<\/em><\/strong><\/p>\n\n\n\n<p>Andrada puso fin a su complicado regreso desde Ecuador.<br>El arquero titular de Boca Juniors, Esteban Andrada, regres\u00f3 este jueves al pa\u00eds luego de haber permanecido 10 d\u00edas aislado en Guayaquil, debido a un resultado positivo en coronavirus que se le efectu\u00f3 en ocasi\u00f3n del partido de Copa Libertadores que los \u00abXeneizes\u00bb jugaron ante Barcelona el 4 de mayo pasado.<\/p>\n\n\n\n<p><strong>Andrada, de 30 a\u00f1os, arrib\u00f3 al aeropuerto Ministro Pistarini, en Ezeiza, alrededor de la 1 como estaba previsto<\/strong>&nbsp;y tras reencontrarse con su familia deber\u00e1 someterse a un nuevo aislamiento de 10 d\u00edas seg\u00fan lo estipulan los protocolos sanitarios para mitigar los efectos de la pandemia de coronavirus.<\/p>\n\n\n\n<p>Una vez que supere ese per\u00edodo de aislamiento, Andrada ser\u00e1 sometido a estudios cardiol\u00f3gicos para comprobar si le quedaron secuelas tras haberse contagiado, y<strong>&nbsp;se estima que su regreso a las pr\u00e1cticas ser\u00e1 en no menos de 15 d\u00edas, por lo que el arquero titular de Boca continuar\u00e1 siendo Agust\u00edn Rossi&nbsp;<\/strong>en los pr\u00f3ximos partidos.<\/p>\n\n\n\n<p><strong>Andrada<\/strong>, nacido en Mendoza,<strong>&nbsp;estuvo aislado en una habitaci\u00f3n del Hotel Hilton de Guayaquil, acompa\u00f1ado por un integrante del cuerpo m\u00e9dico de Boca, tras haber dado dos veces positivo de Covid<\/strong>, y reci\u00e9n fue autorizado a regresar a la Argentina cuando arroj\u00f3 resultado negativo a un test PCR al que fue sometido ayer por la ma\u00f1ana.<\/p>\n\n\n\n<p>En cuanto a la actividad del plantel de Boca, entrenar\u00e1 en el predio que posee en Ezeiza para el Supercl\u00e1sico del pr\u00f3ximo domingo en la \u00abBombonera\u00bb ante River, desde las 17.30 y v\u00e1lido por los cuartos de final de la Copa de la Liga Profesional, con el arbitraje de Facundo Tello.<\/p>\n","protected":false},"excerpt":{"rendered":"<p>Ahora, el arquero de Boca deber\u00e1 realizar un nuevo aislamiento de 10 d\u00edas seg\u00fan lo<\/p>\n","protected":false},"author":8,"featured_media":34713,"comment_status":"open","ping_status":"open","sticky":false,"template":"","format":"standard","meta":{"footnotes":""},"categories":[1],"tags":[],"class_list":["post-34712","post","type-post","status-publish","format-standard","has-post-thumbnail","hentry","category-noticias"],"_links":{"self":[{"href":"https:\/\/24formosa.com.ar\/index.php?rest_route=\/wp\/v2\/posts\/34712","targetHints":{"allow":["GET"]}}],"collection":[{"href":"https:\/\/24formosa.com.ar\/index.php?rest_route=\/wp\/v2\/posts"}],"about":[{"href":"https:\/\/24formosa.com.ar\/index.php?rest_route=\/wp\/v2\/types\/post"}],"author":[{"embeddable":true,"href":"https:\/\/24formosa.com.ar\/index.php?rest_route=\/wp\/v2\/users\/8"}],"replies":[{"embeddable":true,"href":"https:\/\/24formosa.com.ar\/index.php?rest_route=%2Fwp%2Fv2%2Fcomments&post=34712"}],"version-history":[{"count":1,"href":"https:\/\/24formosa.com.ar\/index.php?rest_route=\/wp\/v2\/posts\/34712\/revisions"}],"predecessor-version":[{"id":34714,"href":"https:\/\/24formosa.com.ar\/index.php?rest_route=\/wp\/v2\/posts\/34712\/revisions\/34714"}],"wp:featuredmedia":[{"embeddable":true,"href":"https:\/\/24formosa.com.ar\/index.php?rest_route=\/wp\/v2\/media\/34713"}],"wp:attachment":[{"href":"https:\/\/24formosa.com.ar\/index.php?rest_route=%2Fwp%2Fv2%2Fmedia&parent=34712"}],"wp:term":[{"taxonomy":"category","embeddable":true,"href":"https:\/\/24formosa.com.ar\/index.php?rest_route=%2Fwp%2Fv2%2Fcategories&post=34712"},{"taxonomy":"post_tag","embeddable":true,"href":"https:\/\/24formosa.com.ar\/index.php?rest_route=%2Fwp%2Fv2%2Ftags&post=34712"}],"curies":[{"name":"wp","href":"https:\/\/api.w.org\/{rel}","templated":true}]}}