{"id":34706,"date":"2021-05-13T10:34:16","date_gmt":"2021-05-13T13:34:16","guid":{"rendered":"https:\/\/24formosa.com.ar\/?p=34706"},"modified":"2023-01-16T12:11:04","modified_gmt":"2023-01-16T15:11:04","slug":"israel-intensifica-su-ofensiva-en-gaza-mientras-enfrenta-una-ola-de-violencia-interna","status":"publish","type":"post","link":"https:\/\/24formosa.com.ar\/?p=34706","title":{"rendered":"Israel intensifica su ofensiva en Gaza mientras enfrenta una ola de violencia interna"},"content":{"rendered":"\n<p><strong><em>El Ministerio de Salud de Gaza elev\u00f3 a 83 la cifra de palestinos muertos, entre ellos 17 ni\u00f1os, y a 487 la de heridos en cuatro d\u00edas de ataques a\u00e9reos israel\u00edes en la franja costera, en la mayor escalada desde una gran ofensiva israel\u00ed contra la regi\u00f3n en 2014.<\/em><\/strong><\/p>\n\n\n\n<p>La aviaci\u00f3n bombarde\u00f3 Gaza m\u00e1s de 600 veces desde el lunes<br>Los palestinos celebraban este jueves un amargo fin del mes sagrado isl\u00e1mico de Ramad\u00e1n, mientras Israel y Hamas intercambiaban m\u00e1s ataques con cohetes y bombardeos desde y contra Gaza y en Israel se extend\u00eda la violencia entre ciudadanos jud\u00edos y palestinos.<\/p>\n\n\n\n<p>El Ministerio de Salud de Gaza elev\u00f3 a 83 la cifra de palestinos muertos, entre ellos 17 ni\u00f1os, y a 487 la de heridos en cuatro d\u00edas de ataques a\u00e9reos israel\u00edes en la franja costera, en la mayor escalada desde una gran ofensiva israel\u00ed contra la regi\u00f3n en 2014.<\/p>\n\n\n\n<p>Voceros militares israel\u00edes dijeron que&nbsp;<strong><a href=\"https:\/\/www.telam.com.ar\/notas\/202105\/553934-israel-palestina-gaza-guerra.html\" target=\"_blank\" rel=\"noreferrer noopener\">la aviaci\u00f3n bombarde\u00f3 Gaza m\u00e1s de 600 veces desde el lunes&nbsp;<\/a><\/strong>y que los movimientos armados palestinos Hamas y Yihad Isl\u00e1mica lanzaron m\u00e1s de 1.600 cohetes hacia Israel en ese mismo periodo.<\/p>\n\n\n\n<p>Siete israel\u00edes murieron hasta ahora por los cohetes, entre ellos un ni\u00f1o de seis a\u00f1os y un soldado que fue alcanzado por un misil antitanque.<\/p>\n\n\n\n<p><img decoding=\"async\" src=\"https:\/\/www.telam.com.ar\/advf\/imagenes\/2021\/05\/609d16ddd2778_1004x565.jpg\" alt=\"Esta es la mayor escalada desde una gran ofensiva israel\u00ed contra la regi\u00f3n en 2014\">Esta es la mayor escalada desde una gran ofensiva israel\u00ed contra la regi\u00f3n en 2014<\/p>\n\n\n\n<p>La violencia se ha extendido en Israel como nunca antes desde el levantamiento o Intifada palestina de 2000, con una explosi\u00f3n de choques intercomunitarios que abre un nuevo frente que se suma al de Gaza y constituye una seria amenaza a la paz interna del pa\u00eds.<\/p>\n\n\n\n<p>Palestinos de nacionalidad israel\u00ed e israel\u00edes jud\u00edos est\u00e1n recorriendo las calles desbocados, atac\u00e1ndose entre s\u00ed e incendiado propiedades y autos, lo que oblig\u00f3 al Gobierno a cancelar o desviar vuelos desde el aeropuerto de Tel Aviv.<\/p>\n\n\n\n<p>Mientras que la violencia estuvo mayormente confinada a Gaza en las tres ofensivas previas que Israel lanz\u00f3 contra Hamas en Gaza desde 2007, esta vez -que como la Intifada, comenz\u00f3 en Jerusal\u00e9n- est\u00e1 repercutiendo mucho m\u00e1s all\u00e1 de la regi\u00f3n palestina.<\/p>\n\n\n\n<p>Desde que comenzaron las hostilidades a trav\u00e9s de la frontera entre Gaza e Israel, el lunes, la aviaci\u00f3n israel\u00ed derrib\u00f3 ya tres edificios de departamentos en los que, seg\u00fan dijo, hab\u00eda instalaciones de Hamas, luego de advertir a los civiles que los evacuaran.<\/p>\n\n\n\n<p><img decoding=\"async\" src=\"https:\/\/www.telam.com.ar\/advf\/imagenes\/2021\/05\/609d16ddcb2bb_1004x565.jpg\" alt=\"Esta es la mayor escalada desde una gran ofensiva israel\u00ed contra la regi\u00f3n en 2014\">Esta es la mayor escalada desde una gran ofensiva israel\u00ed contra la regi\u00f3n en 2014<\/p>\n\n\n\n<p>Yihad Isl\u00e1mica dijo que siete de sus milicianos murieron, mientras que Hamas admiti\u00f3 que uno de sus principales comandantes y varios jefes de su brazo armado tambi\u00e9n fueron muertos en los ataques a\u00e9reos israel\u00edes.<\/p>\n\n\n\n<p>Los palestinos celebran el Eid al-Fitr, que marca el fin del mes sagrado isl\u00e1mico de ayuno y oraci\u00f3n del Ramad\u00e1n, una ocasi\u00f3n en la que las familias salen a hacer compras antes de reunirse por la noche para comer.<\/p>\n\n\n\n<p>En su lugar, Hamas urgi\u00f3 a los fieles a celebrar las oraciones del Eid dentro de sus casas o en la mezquita m\u00e1s cercana, en lugar de al aire libre, como es la tradici\u00f3n.<\/p>\n\n\n\n<p>Aunque la ONU y funcionarios egipcios dijeron que hab\u00eda esfuerzos en curso para lograr una tregua, a\u00fan no hab\u00eda signos de progresos.<\/p>\n\n\n\n<p><a rel=\"noreferrer noopener\" href=\"https:\/\/www.youtube.com\/embed\/RlFOXGSYScY?wmode=transparent&amp;showinfo=0&amp;autohide=1&amp;rel=0\" target=\"_blank\">https:\/\/www.youtube.com\/embed\/RlFOXGSYScY?wmode=transparent&amp;showinfo=0&amp;autohide=1&amp;rel=0<\/a><\/p>\n\n\n\n<p>Conflicto entre Israel y Palestina<\/p>\n\n\n\n<p>Por el contrario, el gabinete de seguridad del primer ministro israel\u00ed, Benjamin Netanyahu, autoriz\u00f3 la noche del mi\u00e9rcoles una ampliaci\u00f3n de la ofensiva contra Gaza, informaron Canal 12 y otros medios israel\u00edes.<\/p>\n\n\n\n<p>La ofensiva comenz\u00f3 luego de varios d\u00edas de violencia en la Ciudad Vieja de Jerusal\u00e9n este, donde palestinos se enfrentaron con colonos y fieles jud\u00edos y con la polic\u00eda israel\u00ed, incluyendo en la mezquita de Al Aqsa, el tercer lugar m\u00e1s sagrado del islam.<\/p>\n\n\n\n<p>Los choques en Jerusal\u00e9n y la ofensiva en Gaza provocaron, a su vez, enfrentamientos en Israel entre su poblaci\u00f3n jud\u00eda y su minor\u00eda de origen palestino, que constituye el 20% de la poblaci\u00f3n del pa\u00eds, que no se ve\u00edan hace m\u00e1s de dos d\u00e9cadas.<\/p>\n\n\n\n<blockquote class=\"wp-block-quote is-layout-flow wp-block-quote-is-layout-flow\"><p>Al menos 374 personas fueron detenidas y 36 polic\u00edas heridos por la violencia intercomunitaria en Israel<\/p><\/blockquote>\n\n\n\n<p>Netanyahu calific\u00f3 la violencia en las ciudades israel\u00edes de \u00abanarqu\u00eda\u00bb y de intolerable\u00bb y dijo que estaba preparado para combatirla con \u00abpu\u00f1o de hierro\u00bb si fuera necesario, incluyendo con un masivo e in\u00e9dito despliegue militar.<\/p>\n\n\n\n<p>Pero los enfrentamientos no se detuvieron, y la noche del mi\u00e9rcoles grupos palestinos-isreal\u00edes e israel\u00edes libraron peque\u00f1as batallas entre s\u00ed y contra la polic\u00eda en la ciudad central de Lod, pese a un estado de emergencia y un toque de queda nocturno.<\/p>\n\n\n\n<p>Esta ma\u00f1ana, un hombre jud\u00edo fue apu\u00f1alado en Lod, y su mujer dijo que fue atacado por un grupo de \u00ab\u00e1rabes\u00bb que gritaba \u00abAl\u00e1 es el m\u00e1s grande\u00bb.<\/p>\n\n\n\n<p>La polic\u00eda dijo que dos personas fueron baleadas en la ciudad en otro hecho. En Jerusal\u00e9n, un palestino-israel\u00ed fue apu\u00f1alado en un mercado.<\/p>\n\n\n\n<p>La noche del mi\u00e9rcoles, palestinos israel\u00edes hirieron de gravedad a un hombre jud\u00edo al que golpearon en la norte\u00f1a ciudad de Acre y jud\u00edos intentaron linchar a un palestino-israel\u00ed en Bat Yam, al sur de Tel Aviv.<\/p>\n\n\n\n<p>Al menos 374 personas fueron detenidas y 36 polic\u00edas heridos por la violencia intercomunitaria en Israel, inform\u00f3 la polic\u00eda.<\/p>\n","protected":false},"excerpt":{"rendered":"<p>El Ministerio de Salud de Gaza elev\u00f3 a 83 la cifra de palestinos muertos, entre<\/p>\n","protected":false},"author":8,"featured_media":34707,"comment_status":"open","ping_status":"open","sticky":false,"template":"","format":"standard","meta":{"footnotes":""},"categories":[1],"tags":[],"class_list":["post-34706","post","type-post","status-publish","format-standard","has-post-thumbnail","hentry","category-noticias"],"_links":{"self":[{"href":"https:\/\/24formosa.com.ar\/index.php?rest_route=\/wp\/v2\/posts\/34706","targetHints":{"allow":["GET"]}}],"collection":[{"href":"https:\/\/24formosa.com.ar\/index.php?rest_route=\/wp\/v2\/posts"}],"about":[{"href":"https:\/\/24formosa.com.ar\/index.php?rest_route=\/wp\/v2\/types\/post"}],"author":[{"embeddable":true,"href":"https:\/\/24formosa.com.ar\/index.php?rest_route=\/wp\/v2\/users\/8"}],"replies":[{"embeddable":true,"href":"https:\/\/24formosa.com.ar\/index.php?rest_route=%2Fwp%2Fv2%2Fcomments&post=34706"}],"version-history":[{"count":1,"href":"https:\/\/24formosa.com.ar\/index.php?rest_route=\/wp\/v2\/posts\/34706\/revisions"}],"predecessor-version":[{"id":34708,"href":"https:\/\/24formosa.com.ar\/index.php?rest_route=\/wp\/v2\/posts\/34706\/revisions\/34708"}],"wp:featuredmedia":[{"embeddable":true,"href":"https:\/\/24formosa.com.ar\/index.php?rest_route=\/wp\/v2\/media\/34707"}],"wp:attachment":[{"href":"https:\/\/24formosa.com.ar\/index.php?rest_route=%2Fwp%2Fv2%2Fmedia&parent=34706"}],"wp:term":[{"taxonomy":"category","embeddable":true,"href":"https:\/\/24formosa.com.ar\/index.php?rest_route=%2Fwp%2Fv2%2Fcategories&post=34706"},{"taxonomy":"post_tag","embeddable":true,"href":"https:\/\/24formosa.com.ar\/index.php?rest_route=%2Fwp%2Fv2%2Ftags&post=34706"}],"curies":[{"name":"wp","href":"https:\/\/api.w.org\/{rel}","templated":true}]}}