{"id":34700,"date":"2021-05-12T21:55:03","date_gmt":"2021-05-13T00:55:03","guid":{"rendered":"https:\/\/24formosa.com.ar\/?p=34700"},"modified":"2021-05-12T21:55:03","modified_gmt":"2021-05-13T00:55:03","slug":"la-obra-animal-en-bi-festival-mujeres-de-la-idea-a-la-accion","status":"publish","type":"post","link":"https:\/\/24formosa.com.ar\/?p=34700","title":{"rendered":"La obra \u201cAnimal\u201d en bi-festival \u00abMujeres de la idea a la acci\u00f3n\u00bb"},"content":{"rendered":"\n<p>Bajo la direcci\u00f3n de Alejandro Bord\u00f3n y puesta a cargo del elenco formose\u00f1o \u201cEsquimal\u201d, la obra \u201cAnimal\u201d de la dramaturga correntina Marcia Montesino fue seleccionada para participar del primer Bi-Festival \u201cMujeres de la Idea a la Acci\u00f3n, que se desarrollar\u00e1 en el mes de septiembre en las ciudades de Posadas (Misiones) y Resistencia (Chaco).<\/p>\n\n\n\n<p>La noticia fue celebrada por Bord\u00f3n y los actores locales Diego Vera, Noelia Toloza y Juan Martorelli, quienes tomar\u00e1n parte de este muestreo teatral, que congregar\u00e1 a doce espect\u00e1culos de la regi\u00f3n NEA y cuatro del resto del pa\u00eds.<\/p>\n\n\n\n<p>La autora de \u201cAnimal\u201d tambi\u00e9n manifest\u00f3 su felicidad en las redes: \u201cAyer me lleg\u00f3 un mail del Bi &#8211; Festival Mujeres, cont\u00e1ndome que \u201cAnimal\u201d, \u00a1\u00a1la primera obra que escrib\u00ed, fue seleccionada!! Estoy s\u00faper contenta, por la selecci\u00f3n, por aportar este granito de arena para la transformaci\u00f3n del mundo para la liberaci\u00f3n animal, \u00a1y eso me pone feliz! Por m\u00e1s cuestionarnos, que para eso est\u00e1 el teatro, sino \u00bfpara que? \u201cAnimal\u201d ser\u00e1 dirigida en Formosa por Alejandro Bord\u00f3n, \u00a1gracias! \u00a1Gracias al Bi &#8211; Festival por la oportunidad y gracias a Natalia Villamil porque el texto fue tomando forma en un taller hermoso que tome en la cuarentena y me permiti\u00f3 volar!\u201d<\/p>\n\n\n\n<p>Alejandro Bord\u00f3n record\u00f3 que \u201cla compa\u00f1\u00eda \u201cEsquimal Teatro\u201d nace por el deseo y las ganas de descubrir y transitar esta profesi\u00f3n, a partir de la investigaci\u00f3n teatral\u201d, al se\u00f1alar que \u201cen el 2018, junto a Noelia Toloza, Dar\u00edo Stefani y Diego Vera nos animamos a ir un poco m\u00e1s lejos cuando decidimos formar nuestro propio grupo\u201d.<\/p>\n\n\n\n<p>En cuanto al nombre, precis\u00f3 que \u201clo elegimos porque justamente ensay\u00e1bamos en el complejo de Igl\u00fa, recuperado por la Municipalidad de la Ciudad de Formosa\u201d, resaltando que \u201chace dos a\u00f1os nos presentamos por primera a vez en la Fiesta Provincial del Teatro de Formosa, ocupando el segundo lugar, logro que nos permiti\u00f3 representar a la provincia en la Fiesta Regional 2019\u201d.<\/p>\n\n\n\n<p>Bio del director<\/p>\n\n\n\n<p>Alejandro Bord\u00f3n es actor, productor y director (Aleph Zain en redes sociales) naci\u00f3 en Piran\u00e9 a 100 km de Formosa capital. All\u00ed inicio su pasi\u00f3n por el teatro cuando al sacar un uno en historia, la profesora lo mand\u00f3 a participar en la obra a representar en los festejos por la semana de Julio en el a\u00f1o 2000. Fue as\u00ed que se acerc\u00f3 al taller de teatro que brindaba el Grupo de Teatro Independiente Litea bajo la direcci\u00f3n de Graciela Galeano.<\/p>\n\n\n\n<p>Integr\u00f3 ese elenco hasta el a\u00f1o 2018, participando de festivales provinciales, regionales, nacionales e internaciones en m\u00e1s de treinta obras.<\/p>\n\n\n\n<p>Desde entonces trabaj\u00f3 con casi todos los directores de Formosa y tambi\u00e9n fuera de la provincia en diferentes grupos como actor invitado. Por otra parte, se destac\u00f3 en varias producciones audiovisuales para TV, tanto locales como regionales.<\/p>\n\n\n\n<p>Instalado en la ciudad de Formosa, sigui\u00f3 trabajando y cosechando \u00e9xitos, entre los cuales figura \u201cEl matadero\u201d, que represent\u00f3 a Formosa en la Fiesta Nacional del Teatro 2019 EL MATADERO. Se trata de la obra multipremiada del grupo Los Gregorianos bajo la direcci\u00f3n de L\u00e1zaro Mareco, con la cual obtuvo el reconocimiento como mejor actor de reparto.<\/p>\n\n\n\n<p>Hace un par de a\u00f1os, integr\u00f3 el grupo los Bombonic con la obra \u201cLa Venta\u201d (dirigida por Luis G\u00f3mez), que tras alcanzar el segundo lugar en el selectivo provincial, form\u00f3 parte de la programaci\u00f3n de la Fiesta Regional de Teatro 2019.<\/p>\n\n\n\n<p>Actualmente, participa de la pieza \u201cEl Fort\u00edn de los Caranchos\u201d (versi\u00f3n libre de Macbeth) de Carlos Leyes y Pablo Bont\u00e1, bajo la direcci\u00f3n de Tincho Iza. A fines del a\u00f1o pasado fue estrenada en el Festival Shakespeare Corrientes, previ\u00e9ndose su pr\u00f3ximo estreno v\u00eda streaming.<\/p>\n","protected":false},"excerpt":{"rendered":"<p>Bajo la direcci\u00f3n de Alejandro Bord\u00f3n y puesta a cargo del elenco formose\u00f1o \u201cEsquimal\u201d, la<\/p>\n","protected":false},"author":3,"featured_media":34701,"comment_status":"open","ping_status":"open","sticky":false,"template":"","format":"standard","meta":{"footnotes":""},"categories":[1],"tags":[],"class_list":["post-34700","post","type-post","status-publish","format-standard","has-post-thumbnail","hentry","category-noticias"],"_links":{"self":[{"href":"https:\/\/24formosa.com.ar\/index.php?rest_route=\/wp\/v2\/posts\/34700","targetHints":{"allow":["GET"]}}],"collection":[{"href":"https:\/\/24formosa.com.ar\/index.php?rest_route=\/wp\/v2\/posts"}],"about":[{"href":"https:\/\/24formosa.com.ar\/index.php?rest_route=\/wp\/v2\/types\/post"}],"author":[{"embeddable":true,"href":"https:\/\/24formosa.com.ar\/index.php?rest_route=\/wp\/v2\/users\/3"}],"replies":[{"embeddable":true,"href":"https:\/\/24formosa.com.ar\/index.php?rest_route=%2Fwp%2Fv2%2Fcomments&post=34700"}],"version-history":[{"count":1,"href":"https:\/\/24formosa.com.ar\/index.php?rest_route=\/wp\/v2\/posts\/34700\/revisions"}],"predecessor-version":[{"id":34702,"href":"https:\/\/24formosa.com.ar\/index.php?rest_route=\/wp\/v2\/posts\/34700\/revisions\/34702"}],"wp:featuredmedia":[{"embeddable":true,"href":"https:\/\/24formosa.com.ar\/index.php?rest_route=\/wp\/v2\/media\/34701"}],"wp:attachment":[{"href":"https:\/\/24formosa.com.ar\/index.php?rest_route=%2Fwp%2Fv2%2Fmedia&parent=34700"}],"wp:term":[{"taxonomy":"category","embeddable":true,"href":"https:\/\/24formosa.com.ar\/index.php?rest_route=%2Fwp%2Fv2%2Fcategories&post=34700"},{"taxonomy":"post_tag","embeddable":true,"href":"https:\/\/24formosa.com.ar\/index.php?rest_route=%2Fwp%2Fv2%2Ftags&post=34700"}],"curies":[{"name":"wp","href":"https:\/\/api.w.org\/{rel}","templated":true}]}}