{"id":34692,"date":"2021-05-12T20:33:46","date_gmt":"2021-05-12T23:33:46","guid":{"rendered":"https:\/\/24formosa.com.ar\/?p=34692"},"modified":"2021-05-12T20:33:46","modified_gmt":"2021-05-12T23:33:46","slug":"arriba-al-oeste-formoseno-la-vacunacion-contra-el-covid-19","status":"publish","type":"post","link":"https:\/\/24formosa.com.ar\/?p=34692","title":{"rendered":"Arriba al oeste formose\u00f1o la vacunaci\u00f3n contra el COVID-19"},"content":{"rendered":"\n<p>Tal como lo anunciara el gobernador Gildo Insfr\u00e1n, la Campa\u00f1a Provincial de Vacunaci\u00f3n contra el COVID-19 llegar\u00e1 este jueves 13 a m\u00e1s localidades del interior provincial, alcanzando en esta oportunidad a los adultos mayores de las clases 1960 y anteriores.<\/p>\n\n\n\n<p>El operativo dispuesto en el horario de 7 a 13 horas se llevar\u00e1 a cabo en las localidades de Misi\u00f3n Pozo Yacar\u00e9, Las Ca\u00f1itas, Ingeniero Ju\u00e1rez y otras comunidades del Departamento Matacos.<\/p>\n\n\n\n<p>Para la ocasi\u00f3n, cinco establecimientos educativos estar\u00e1n funcionando como centros vacunatorios, donde las personas deber\u00e1n concurrir con el DNI y barbijo bien colocado.<\/p>\n\n\n\n<p>Seg\u00fan lo informado por el Ministerio de Desarrollo Humano a AGENFOR, en la localidad de Ingeniero Ju\u00e1rez, aquellos ciudadanos nacidos en 1945 y a\u00f1os anteriores deber\u00e1n concurrir a la EPES N\u00ba 12; en tanto, las clases 1946 a 1953 lo har\u00e1n a la EPEP N\u00ba 438.<\/p>\n\n\n\n<p>Por su parte, vecinos de esa localidad nacidos entre 1954 a 1960 deber\u00e1n asistir a la EPEP N\u00ba 319; justamente en ese mismo establecimiento tambi\u00e9n lo har\u00e1n las clases 1960 y anteriores residentes en Las Ca\u00f1itas y otras comunidades cercanas.<\/p>\n\n\n\n<p>Finalmente, en Misi\u00f3n Pozo Yacar\u00e9 estar\u00e1 habilitada la EPEP N\u00ba 420, tambi\u00e9n para las clases 1960 y anteriores.<\/p>\n\n\n\n<p>Ante cualquier duda, pueden escribir su consulta a consultavacunacovid@formosa.gob.ar.<\/p>\n","protected":false},"excerpt":{"rendered":"<p>Tal como lo anunciara el gobernador Gildo Insfr\u00e1n, la Campa\u00f1a Provincial de Vacunaci\u00f3n contra el<\/p>\n","protected":false},"author":8,"featured_media":34693,"comment_status":"open","ping_status":"open","sticky":false,"template":"","format":"standard","meta":{"footnotes":""},"categories":[1],"tags":[],"class_list":["post-34692","post","type-post","status-publish","format-standard","has-post-thumbnail","hentry","category-noticias"],"_links":{"self":[{"href":"https:\/\/24formosa.com.ar\/index.php?rest_route=\/wp\/v2\/posts\/34692","targetHints":{"allow":["GET"]}}],"collection":[{"href":"https:\/\/24formosa.com.ar\/index.php?rest_route=\/wp\/v2\/posts"}],"about":[{"href":"https:\/\/24formosa.com.ar\/index.php?rest_route=\/wp\/v2\/types\/post"}],"author":[{"embeddable":true,"href":"https:\/\/24formosa.com.ar\/index.php?rest_route=\/wp\/v2\/users\/8"}],"replies":[{"embeddable":true,"href":"https:\/\/24formosa.com.ar\/index.php?rest_route=%2Fwp%2Fv2%2Fcomments&post=34692"}],"version-history":[{"count":1,"href":"https:\/\/24formosa.com.ar\/index.php?rest_route=\/wp\/v2\/posts\/34692\/revisions"}],"predecessor-version":[{"id":34694,"href":"https:\/\/24formosa.com.ar\/index.php?rest_route=\/wp\/v2\/posts\/34692\/revisions\/34694"}],"wp:featuredmedia":[{"embeddable":true,"href":"https:\/\/24formosa.com.ar\/index.php?rest_route=\/wp\/v2\/media\/34693"}],"wp:attachment":[{"href":"https:\/\/24formosa.com.ar\/index.php?rest_route=%2Fwp%2Fv2%2Fmedia&parent=34692"}],"wp:term":[{"taxonomy":"category","embeddable":true,"href":"https:\/\/24formosa.com.ar\/index.php?rest_route=%2Fwp%2Fv2%2Fcategories&post=34692"},{"taxonomy":"post_tag","embeddable":true,"href":"https:\/\/24formosa.com.ar\/index.php?rest_route=%2Fwp%2Fv2%2Ftags&post=34692"}],"curies":[{"name":"wp","href":"https:\/\/api.w.org\/{rel}","templated":true}]}}