{"id":34683,"date":"2021-05-12T20:27:44","date_gmt":"2021-05-12T23:27:44","guid":{"rendered":"https:\/\/24formosa.com.ar\/?p=34683"},"modified":"2021-05-12T20:27:45","modified_gmt":"2021-05-12T23:27:45","slug":"guadalupe-florece-mejoro-la-calidad-de-vida-a-cientos-de-vecinos","status":"publish","type":"post","link":"https:\/\/24formosa.com.ar\/?p=34683","title":{"rendered":"\u201cGuadalupe Florece\u201d mejor\u00f3 la calidad de vida a cientos de vecinos"},"content":{"rendered":"\n<p>Desde su lanzamiento a mediados del 2019, el programa \u201cGuadalupe Florece\u201d que instrumenta el Instituto Provincial de la Vivienda (IPV) con recursos genuinos, avanza con obras y realizaciones de relevancia en el barrio Guadalupe de Formosa Capital.<\/p>\n\n\n\n<p>&nbsp;El mismo tiene como objetivo\u201cMejorar la calidad de vida de las familias que all\u00ed habitan, a trav\u00e9s de obras que transforman y embellecen ese sector de la ciudad\u201d<\/p>\n\n\n\n<p>Al describir el total de obras realizadas, el administrador del IPV, ingeniero Marcelo Ugelli, valor\u00f3 la fuerte determinaci\u00f3n del Gobierno Provincial, para hacer factible los trabajos con fondos propios.&nbsp;<\/p>\n\n\n\n<p>&nbsp;\u201cMerced a la firme decisi\u00f3n del Gobernador Gildo Insfr\u00e1n y al equipo de trabajo del Instituto, hoy podemos presentar con orgullo todo lo realizado en esta populosa barriada. Son obras que benefician a cientos de vecinos\u201d, ponder\u00f3.&nbsp;<\/p>\n\n\n\n<p>\u201cVolcamos recursos con realizaciones concretas, para que cada vecina y vecino del Barrio Guadalupe se sienta m\u00e1s orgulloso y a gusto con su zona\u201d, resalt\u00f3 el Ingeniero Ugelli, subrayando los alcances del programa, que se enmarca en el conjunto de pol\u00edticas habitacionales de Estado que impulsa el Modelo Provincial.&nbsp;<\/p>\n\n\n\n<figure class=\"wp-block-image\"><a href=\"https:\/\/agenfor.com.ar\/wp-content\/uploads\/2018\/11\/Ugelli.jpg\"><img decoding=\"async\" src=\"https:\/\/agenfor.com.ar\/wp-content\/uploads\/2018\/11\/Ugelli-1024x683.jpg\" alt=\"\" class=\"wp-image-42385\"\/><\/a><\/figure>\n\n\n\n<p>\u201cCon acciones de fondo, desplegadas desde la concepci\u00f3n humanista de la Justicia Social, trabajamos incansablemente por los formose\u00f1os y formose\u00f1as a pesar de la pandemia. Recursos provinciales que se vuelcan al desarrollo integral de un barrio que tanto lo necesitaba\u201d, enfatiz\u00f3.&nbsp;<\/p>\n\n\n\n<p>Enumer\u00f3 realizaciones como el centro comercial y la recuperaci\u00f3n de espacios y construcciones de 15 locales comerciales (7 locales en el sector 1; y 8 locales en el sector 2), sanitarios p\u00fablicos (2 femeninos, 2 masculinos) y sanitario con adaptaci\u00f3n para la discapacidad motriz y sus correspondientes vestuarios.<\/p>\n\n\n\n<p>En lo relativo a obras comunitarias urbanas, se destaca el Paseo Recreativo sobre Avenida Ant\u00e1rtida Argentina que cuenta con un espacio de recreaci\u00f3n, una plaza, un sector de paseos con murales, un \u00e1rea de servicios con 4 locales comerciales, con sus respectivos sanitarios y 20 cocheras, inici\u00e1ndose la segunda etapa de construcci\u00f3n de 20 garajes, un sector de juegos y 3 locales comerciales gastron\u00f3micos.<\/p>\n\n\n\n<p>Adem\u00e1s trabajos de pintura de las fachadas de las torres sobre Av. Ant\u00e1rtida Argentina y sobre la Av. Kirchner desde Ant\u00e1rtida hasta la Fuerza A\u00e9rea Argentina (Torres: 103, 104, 105, 106, 107, 108, 109, 111, 112, 59).<\/p>\n\n\n\n<p>En lo relativo a infraestructura la rehabilitaci\u00f3n integral del sistema de desag\u00fce cloacal, con el reemplazo del colector m\u00e1ximo sobre calle Corrientes. Adem\u00e1s, ya est\u00e1n concluidas las obras de cloaca de la Manzana 104, contando con un sistema de cloaca nuevo; y la red de provisi\u00f3n de agua potable se encuentra en estado muy avanzando en dicha manzana.<\/p>\n\n\n\n<p>Intervenci\u00f3n en 14 m\u00f3dulos de escaleras refaccionadas: 101, 102, 107, 56, 45, 43, 47, 52, 35, 81, 93, 144, 11 y 13. En proceso: 4 m\u00f3dulos de escaleras: 104, 46, 51 y 57.<\/p>\n\n\n\n<p>En lo concerniente a fortalecimiento comunitario se realizan actividades al aire libre de: zumba, f\u00fatbol infantil y funcional.<\/p>\n\n\n\n<p>Tambi\u00e9n se avanz\u00f3 en la recuperaci\u00f3n de espacios comunes y p\u00fablicos, donde el IPV lleva relocalizadas 33 familias que viv\u00edan mal ubicadas en ampliaciones precarias, y fueron reubicadas con recuperaci\u00f3n del espacio p\u00fablico; y sus correspondientes soluciones habitacionales a viviendas del IPV.<\/p>\n\n\n\n<p>Asimismo, la relocalizaci\u00f3n 6 comercios que se encontraban en espacios p\u00fablicos, a los locales del centro comercial. Recuperaci\u00f3n y demolici\u00f3n de las garitas abandonadas o utilizadas como dep\u00f3sitos en los espacios p\u00fablicos. Corrimientos de avances de las ampliaciones en exceso ubicadas en espacio p\u00fablico.<\/p>\n\n\n\n<p>Tambi\u00e9n se est\u00e1n realizando los tr\u00e1mites de regulaci\u00f3n de situaciones habitacionales y regularizaci\u00f3n de locales del centro comercial. Recuperaci\u00f3n de viviendas y locales comerciales abandonados. Intimaci\u00f3n de demolici\u00f3n de nuevas construcciones en espacio p\u00fablico.<\/p>\n\n\n\n<p>Finalmente, el Instituto Provincial de la Vivienda recuerda que, por el tr\u00e1mite de regularizaci\u00f3n dominial, los interesados pueden acercar a la sede IPV, barrio Guadalupe, de lunes a viernes en horario de 8 a 12 horas.<\/p>\n\n\n\n<p>Direcci\u00f3n Centro participativo IPV. Centro comercial nuestra se\u00f1ora de Guadalupe, local 5, sector 2 (frente a la rotonda). Tel: 3704-841832.<\/p>\n","protected":false},"excerpt":{"rendered":"<p>Desde su lanzamiento a mediados del 2019, el programa \u201cGuadalupe Florece\u201d que instrumenta el Instituto<\/p>\n","protected":false},"author":8,"featured_media":34684,"comment_status":"open","ping_status":"open","sticky":false,"template":"","format":"standard","meta":{"footnotes":""},"categories":[1],"tags":[],"class_list":["post-34683","post","type-post","status-publish","format-standard","has-post-thumbnail","hentry","category-noticias"],"_links":{"self":[{"href":"https:\/\/24formosa.com.ar\/index.php?rest_route=\/wp\/v2\/posts\/34683","targetHints":{"allow":["GET"]}}],"collection":[{"href":"https:\/\/24formosa.com.ar\/index.php?rest_route=\/wp\/v2\/posts"}],"about":[{"href":"https:\/\/24formosa.com.ar\/index.php?rest_route=\/wp\/v2\/types\/post"}],"author":[{"embeddable":true,"href":"https:\/\/24formosa.com.ar\/index.php?rest_route=\/wp\/v2\/users\/8"}],"replies":[{"embeddable":true,"href":"https:\/\/24formosa.com.ar\/index.php?rest_route=%2Fwp%2Fv2%2Fcomments&post=34683"}],"version-history":[{"count":1,"href":"https:\/\/24formosa.com.ar\/index.php?rest_route=\/wp\/v2\/posts\/34683\/revisions"}],"predecessor-version":[{"id":34685,"href":"https:\/\/24formosa.com.ar\/index.php?rest_route=\/wp\/v2\/posts\/34683\/revisions\/34685"}],"wp:featuredmedia":[{"embeddable":true,"href":"https:\/\/24formosa.com.ar\/index.php?rest_route=\/wp\/v2\/media\/34684"}],"wp:attachment":[{"href":"https:\/\/24formosa.com.ar\/index.php?rest_route=%2Fwp%2Fv2%2Fmedia&parent=34683"}],"wp:term":[{"taxonomy":"category","embeddable":true,"href":"https:\/\/24formosa.com.ar\/index.php?rest_route=%2Fwp%2Fv2%2Fcategories&post=34683"},{"taxonomy":"post_tag","embeddable":true,"href":"https:\/\/24formosa.com.ar\/index.php?rest_route=%2Fwp%2Fv2%2Ftags&post=34683"}],"curies":[{"name":"wp","href":"https:\/\/api.w.org\/{rel}","templated":true}]}}