{"id":34677,"date":"2021-05-12T20:15:21","date_gmt":"2021-05-12T23:15:21","guid":{"rendered":"https:\/\/24formosa.com.ar\/?p=34677"},"modified":"2021-05-12T20:15:23","modified_gmt":"2021-05-12T23:15:23","slug":"covid-19-en-una-nueva-jornada-de-vacunacion-mas-formosenos-accedieron-a-la-primera-dosis-de-inmunizacion","status":"publish","type":"post","link":"https:\/\/24formosa.com.ar\/?p=34677","title":{"rendered":"COVID-19: En una nueva jornada de vacunaci\u00f3n, m\u00e1s formose\u00f1os accedieron a la primera dosis de inmunizaci\u00f3n"},"content":{"rendered":"\n<p><em>Este mi\u00e9rcoles 12 se desarroll\u00f3 una nueva jornada del Plan Provincial de Vacunaci\u00f3n, avanzando en la inoculaci\u00f3n de adultos mayores de diez localidades del interior. En ese marco, se puso de resalto que Formosa ya lleva aplicadas m\u00e1s de 112 mil dosis contra el coronavirus.&nbsp;<\/em><\/p>\n\n\n\n<p>En esta oportunidad, los beneficiarios fueron residentes de Bajo Hondo, La Libertad, Lamadrid, Fort\u00edn Pilcomayo, Guadalcazar, R\u00edo Muerto, Puerto Irigoyen, Laguna Yema, Pozo del Mortero, Sumay\u00e9n, Los Chiriguanos, El Simbolar y zonas aleda\u00f1as.<\/p>\n\n\n\n<p>El jefe del Departamento de Inmunizaciones del Ministerio de Desarrollo Humano, el licenciado Julio Arroyo, en di\u00e1logo con la<strong>&nbsp;Agencia de Noticias Formosa (AGENFOR)&nbsp;<\/strong>inform\u00f3 que en este operativo se cont\u00f3 con dos vacunas distintas: \u201cEn Laguna Yema estamos aplicando la Sputnik V y en otras localidades, AstraZeneca porque es m\u00e1s f\u00e1cil de trasladarla y transportarla para su conservaci\u00f3n\u201d, indic\u00f3.<\/p>\n\n\n\n<p>Adem\u00e1s, se refiri\u00f3 a la jornada como muy satisfactoria porque hoy \u201cm\u00e1s formose\u00f1os acceden a esta primera dosis\u201d contra el coronavirus.<\/p>\n\n\n\n<figure class=\"wp-block-image\"><a href=\"https:\/\/agenfor.com.ar\/wp-content\/uploads\/2021\/05\/WhatsApp-Image-2021-05-12-at-12.10.091.jpeg\"><img decoding=\"async\" src=\"https:\/\/agenfor.com.ar\/wp-content\/uploads\/2021\/05\/WhatsApp-Image-2021-05-12-at-12.10.091-1024x682.jpeg\" alt=\"\" class=\"wp-image-99433\"\/><\/a><\/figure>\n\n\n\n<p>Y adelant\u00f3: \u201cEn un futuro no muy lejano se est\u00e1 programando la aplicaci\u00f3n de la segunda dosis de cada vacuna\u201d y ejemplific\u00f3: \u201cEse es el caso de la Sinopharm, que el Gobierno Nacional ya est\u00e1 distribuyendo y nosotros nos estamos organizando para comenzar a realizar lo propio\u201d, acentu\u00f3.<\/p>\n\n\n\n<p>\u201cYa llevamos m\u00e1s de 112 mil dosis aplicadas y m\u00e1s de 100 mil personas recibieron la vacuna. El Gobierno de la provincia tiene una estructura y una capacidad para organizar estrat\u00e9gicamente esta campa\u00f1a\u201d, destac\u00f3 el funcionario de salud.<\/p>\n\n\n\n<p>Para finalizar, remarc\u00f3: \u201cLo ideal es que llegue la vacuna antes que el virus y por eso continuamos insisti\u00e9ndoles a los pobladores para que sigan manteniendo y respetando las medidas de protecci\u00f3n individual y grupal\u201d.<\/p>\n\n\n\n<figure class=\"wp-block-image\"><a href=\"https:\/\/agenfor.com.ar\/wp-content\/uploads\/2021\/05\/WhatsApp-Image-2021-05-12-at-12.10.092.jpeg\"><img decoding=\"async\" src=\"https:\/\/agenfor.com.ar\/wp-content\/uploads\/2021\/05\/WhatsApp-Image-2021-05-12-at-12.10.092-1024x1024.jpeg\" alt=\"\" class=\"wp-image-99434\"\/><\/a><\/figure>\n\n\n\n<p><strong>Agradecimientos<\/strong><\/p>\n\n\n\n<p>Ramona, una vecina de Lamadrid, expres\u00f3 a esta Agencia la emoci\u00f3n que le provoc\u00f3 haber sido inmunizada y manifest\u00f3 que \u201cdesde que apareci\u00f3 el virus fue una gran preocupaci\u00f3n\u201d, pero que hoy la vacuna ya lleg\u00f3 a su comunidad y en relaci\u00f3n dijo: \u201cLe doy gracias a mi se\u00f1or gobernador Gildo Insfr\u00e1n\u201d.<\/p>\n\n\n\n<p>A su turno, Juan, de Pozo del Mortero, destac\u00f3 el trabajo realizado por cada actor que lleva adelante el operativo y pidi\u00f3 a la comunidad que \u201cse siga cuidando y respetando el protocolo\u201d.<\/p>\n\n\n\n<p>Siguiendo la misma l\u00ednea, uno de los doctores que cumpli\u00f3 su labor en esta jornada hist\u00f3rica declar\u00f3: \u201cEstamos muy contentos de poder seguir d\u00e1ndoles a las personas la posibilidad de vida. Nos sentimos sumamente orgullosos de cuidar al comprovinciano y de llevar la vacuna a cada rinc\u00f3n de la provincia\u201d, finaliz\u00f3.<\/p>\n\n\n\n<figure class=\"wp-block-image\"><a href=\"https:\/\/agenfor.com.ar\/wp-content\/uploads\/2021\/05\/WhatsApp-Image-2021-05-12-at-12.28.50.jpeg\"><img decoding=\"async\" src=\"https:\/\/agenfor.com.ar\/wp-content\/uploads\/2021\/05\/WhatsApp-Image-2021-05-12-at-12.28.50-1024x682.jpeg\" alt=\"\" class=\"wp-image-99437\"\/><\/a><\/figure>\n","protected":false},"excerpt":{"rendered":"<p>Este mi\u00e9rcoles 12 se desarroll\u00f3 una nueva jornada del Plan Provincial de Vacunaci\u00f3n, avanzando en<\/p>\n","protected":false},"author":8,"featured_media":34678,"comment_status":"open","ping_status":"open","sticky":false,"template":"","format":"standard","meta":{"footnotes":""},"categories":[1],"tags":[],"class_list":["post-34677","post","type-post","status-publish","format-standard","has-post-thumbnail","hentry","category-noticias"],"_links":{"self":[{"href":"https:\/\/24formosa.com.ar\/index.php?rest_route=\/wp\/v2\/posts\/34677","targetHints":{"allow":["GET"]}}],"collection":[{"href":"https:\/\/24formosa.com.ar\/index.php?rest_route=\/wp\/v2\/posts"}],"about":[{"href":"https:\/\/24formosa.com.ar\/index.php?rest_route=\/wp\/v2\/types\/post"}],"author":[{"embeddable":true,"href":"https:\/\/24formosa.com.ar\/index.php?rest_route=\/wp\/v2\/users\/8"}],"replies":[{"embeddable":true,"href":"https:\/\/24formosa.com.ar\/index.php?rest_route=%2Fwp%2Fv2%2Fcomments&post=34677"}],"version-history":[{"count":1,"href":"https:\/\/24formosa.com.ar\/index.php?rest_route=\/wp\/v2\/posts\/34677\/revisions"}],"predecessor-version":[{"id":34679,"href":"https:\/\/24formosa.com.ar\/index.php?rest_route=\/wp\/v2\/posts\/34677\/revisions\/34679"}],"wp:featuredmedia":[{"embeddable":true,"href":"https:\/\/24formosa.com.ar\/index.php?rest_route=\/wp\/v2\/media\/34678"}],"wp:attachment":[{"href":"https:\/\/24formosa.com.ar\/index.php?rest_route=%2Fwp%2Fv2%2Fmedia&parent=34677"}],"wp:term":[{"taxonomy":"category","embeddable":true,"href":"https:\/\/24formosa.com.ar\/index.php?rest_route=%2Fwp%2Fv2%2Fcategories&post=34677"},{"taxonomy":"post_tag","embeddable":true,"href":"https:\/\/24formosa.com.ar\/index.php?rest_route=%2Fwp%2Fv2%2Ftags&post=34677"}],"curies":[{"name":"wp","href":"https:\/\/api.w.org\/{rel}","templated":true}]}}