{"id":34674,"date":"2021-05-12T20:12:55","date_gmt":"2021-05-12T23:12:55","guid":{"rendered":"https:\/\/24formosa.com.ar\/?p=34674"},"modified":"2021-05-12T20:12:55","modified_gmt":"2021-05-12T23:12:55","slug":"nueva-base-operativa-del-sipec-en-barrio-juan-domingo-peron","status":"publish","type":"post","link":"https:\/\/24formosa.com.ar\/?p=34674","title":{"rendered":"Nueva base operativa del SIPEC en barrio Juan Domingo Per\u00f3n"},"content":{"rendered":"\n<p><em>El gobierno provincial sum\u00f3 este mi\u00e9rcoles una nueva base operativa del Sistema Integral Provincial de Emergencias y Cat\u00e1strofes (SIPEC) en el Centro de Salud \u201cMar\u00eda Luisa Espinoza\u201d del barrio Juan Domingo Per\u00f3n en la jurisdicci\u00f3n Cinco de la ciudad de Formosa.<\/em><\/p>\n\n\n\n<p>Se trata de dos ambulancias equipadas con toda la tecnolog\u00eda para la asistencia de pacientes con patolog\u00edas cr\u00edticas. Una de ellas de mayor complejidad, es una unidad de terapia intensiva m\u00f3vil.<\/p>\n\n\n\n<p>El ministro de la Comunidad, An\u00edbal G\u00f3mez, a cargo del ministerio de Desarrollo Humano aclar\u00f3 que la nueva base del SIPEC atender\u00e1 no s\u00f3lo al barrio Juan Domingo Per\u00f3n, sino a toda la zona de influencia.<\/p>\n\n\n\n<figure class=\"wp-block-image\"><a href=\"https:\/\/agenfor.com.ar\/wp-content\/uploads\/2021\/05\/Gomez-ministro.jpg\"><img decoding=\"async\" src=\"https:\/\/agenfor.com.ar\/wp-content\/uploads\/2021\/05\/Gomez-ministro.jpg\" alt=\"\" class=\"wp-image-99485\"\/><\/a><\/figure>\n\n\n\n<p>Asistieron a la habilitaci\u00f3n la subsecretaria de Gesti\u00f3n de Establecimientos Asistenciales de 1\u00b0 y 2\u00b0 Nivel Dra. Cristina Mirassou, el titular del SIPEC, doctor Daniel Figueroa y la titular del Centro de Salud, doctora Liliana Coronel.<\/p>\n\n\n\n<p>\u201cEsta nueva base posibilita que las personas obtengan m\u00e1s r\u00e1pida respuesta a su pedido, los pedidos a veces son urgentes o emergencias inclusive. La diferencia entre urgencia y emergencia es que en la emergencia hay riesgo de vida y en eso los minutos son fundamentales. Por ejemplo en un paciente que tiene un infarto, un ACV, entonces tener una base operativa del SIPEC cerca, es muy importante\u201d destac\u00f3 el funcionario en declaraciones a Agenfor.<\/p>\n\n\n\n<p>Remarc\u00f3 G\u00f3mez la ciudadan\u00eda debe saber que el SIPEC funciona en conjunto con la l\u00ednea 111 en la jefatura de Polic\u00eda. \u201cHay seis l\u00edneas rotativas que son atendidas, el que llama tendr\u00e1 una respuesta, y tambi\u00e9n con las bases operativas que implementamos en La Nueva Formosa, m\u00e1s esta, vamos ampliando la red, para dar mayor respuesta a la gente en sus necesidades de patolog\u00edas comunes, y hasta pacientes con patolog\u00edas respiratorias ligadas al COVID\u201d.<\/p>\n\n\n\n<figure class=\"wp-block-image\"><a href=\"https:\/\/agenfor.com.ar\/wp-content\/uploads\/2021\/05\/ambulancia.jpg\"><img decoding=\"async\" src=\"https:\/\/agenfor.com.ar\/wp-content\/uploads\/2021\/05\/ambulancia-1024x682.jpg\" alt=\"\" class=\"wp-image-99486\"\/><\/a><\/figure>\n\n\n\n<p>Anticip\u00f3 el titular del MDH que continuar\u00e1n habilitando nuevas bases del SIPEC en sectores estrat\u00e9gicos: \u201cVamos a continuar, estamos estudiando las zonas, la idea es que tengan una ubicaci\u00f3n estrat\u00e9gica, para que las respuestas sean lo m\u00e1s eficiente posible\u201d con personal entrenado en la materia.<\/p>\n\n\n\n<p>Por su parte, el titular del servicio de emergencias, el doctor Daniel Figueroa consider\u00f3 que la nueva base \u201cviene a descomprimir much\u00edsimo la tarea operativa que llevaba la base del SIPEC que se encuentra en el Hospital Distrital 8. Ahora con m\u00e1s m\u00f3viles repartidos en esta vasta zona de la Jurisdicci\u00f3n Cinco de la ciudad, nos lleva a dar m\u00e1s pronta y r\u00e1pida atenci\u00f3n a los requerimientos de la ciudadan\u00eda\u201d.<\/p>\n\n\n\n<figure class=\"wp-block-image\"><a href=\"https:\/\/agenfor.com.ar\/wp-content\/uploads\/2021\/05\/Figueroa-SIPEC.jpg\"><img decoding=\"async\" src=\"https:\/\/agenfor.com.ar\/wp-content\/uploads\/2021\/05\/Figueroa-SIPEC-1024x682.jpg\" alt=\"\" class=\"wp-image-99487\"\/><\/a><\/figure>\n\n\n\n<p>A partir de esta habilitaci\u00f3n, el Hospital Distrital 8 continuar\u00e1 con su base con tres ambulancias, y el centro de Salud del Juan Domingo Per\u00f3n con dos m\u00f3viles con total equipamiento para asistir a pacientes cr\u00edticos.<\/p>\n\n\n\n<p>\u201cLa tarea del SIPEC es amplia, da cobertura a todo tipo de patolog\u00edas, pero el brote de COVID que tenemos, nos est\u00e1 ocupando el 90% de los requerimientos en la actualidad\u201d subray\u00f3 el profesional.<\/p>\n\n\n\n<p><strong>Distintas patolog\u00edas<\/strong><\/p>\n\n\n\n<p>En el marco de la habilitaci\u00f3n, la doctora Liliana Coronel, directora del centro de salud remarc\u00f3 que el \u00e1rea program\u00e1tica del mismo es amplia, abarca a unos 17 mil habitantes en barrios como El Porvenir, 1 de Mayo, Luj\u00e1n y cruzando la ruta el San Isidro.<\/p>\n\n\n\n<p>\u201cSabemos que el minuto vale, en este caso tener todo pr\u00f3ximo es importante, se arm\u00f3 una sala de pre-internaci\u00f3n para la emergencia, porque los m\u00f3viles tendr\u00e1n salida y regreso. Esa sala est\u00e1 equipada con ox\u00edgeno, para sacar al paciente del cuadro cl\u00ednico y poder evacuar lo antes posible\u201d cont\u00f3.<\/p>\n\n\n\n<p>Subray\u00f3 que la base SIPEC atender\u00e1 las distintas patolog\u00edas, incluso COVID-19 al recordar que ante la proximidad del invierno, tambi\u00e9n se incrementan los cuadros gripales&nbsp; que pueden derivar en neumon\u00edas.<\/p>\n\n\n\n<p>Sobre el trabajo sanitario que realiza el personal para atender la demanda de pacientes por Coronavirus, dijo que \u201cEl centro de salud est\u00e1 haciendo test r\u00e1pidos para los pacientes sintom\u00e1ticos, en quince minutos tienen sus resultados,&nbsp; y PCR para los contactos estrechos al quinto y d\u00e9cimo d\u00eda para descartar el positivo\u201d.<\/p>\n","protected":false},"excerpt":{"rendered":"<p>El gobierno provincial sum\u00f3 este mi\u00e9rcoles una nueva base operativa del Sistema Integral Provincial de<\/p>\n","protected":false},"author":8,"featured_media":34675,"comment_status":"open","ping_status":"open","sticky":false,"template":"","format":"standard","meta":{"footnotes":""},"categories":[1],"tags":[],"class_list":["post-34674","post","type-post","status-publish","format-standard","has-post-thumbnail","hentry","category-noticias"],"_links":{"self":[{"href":"https:\/\/24formosa.com.ar\/index.php?rest_route=\/wp\/v2\/posts\/34674","targetHints":{"allow":["GET"]}}],"collection":[{"href":"https:\/\/24formosa.com.ar\/index.php?rest_route=\/wp\/v2\/posts"}],"about":[{"href":"https:\/\/24formosa.com.ar\/index.php?rest_route=\/wp\/v2\/types\/post"}],"author":[{"embeddable":true,"href":"https:\/\/24formosa.com.ar\/index.php?rest_route=\/wp\/v2\/users\/8"}],"replies":[{"embeddable":true,"href":"https:\/\/24formosa.com.ar\/index.php?rest_route=%2Fwp%2Fv2%2Fcomments&post=34674"}],"version-history":[{"count":1,"href":"https:\/\/24formosa.com.ar\/index.php?rest_route=\/wp\/v2\/posts\/34674\/revisions"}],"predecessor-version":[{"id":34676,"href":"https:\/\/24formosa.com.ar\/index.php?rest_route=\/wp\/v2\/posts\/34674\/revisions\/34676"}],"wp:featuredmedia":[{"embeddable":true,"href":"https:\/\/24formosa.com.ar\/index.php?rest_route=\/wp\/v2\/media\/34675"}],"wp:attachment":[{"href":"https:\/\/24formosa.com.ar\/index.php?rest_route=%2Fwp%2Fv2%2Fmedia&parent=34674"}],"wp:term":[{"taxonomy":"category","embeddable":true,"href":"https:\/\/24formosa.com.ar\/index.php?rest_route=%2Fwp%2Fv2%2Fcategories&post=34674"},{"taxonomy":"post_tag","embeddable":true,"href":"https:\/\/24formosa.com.ar\/index.php?rest_route=%2Fwp%2Fv2%2Ftags&post=34674"}],"curies":[{"name":"wp","href":"https:\/\/api.w.org\/{rel}","templated":true}]}}