{"id":34668,"date":"2021-05-12T10:03:42","date_gmt":"2021-05-12T13:03:42","guid":{"rendered":"https:\/\/24formosa.com.ar\/?p=34668"},"modified":"2021-05-12T10:03:43","modified_gmt":"2021-05-12T13:03:43","slug":"el-gobierno-argentino-expreso-su-honda-preocupacion-por-la-situacion-en-israel-y-palestina","status":"publish","type":"post","link":"https:\/\/24formosa.com.ar\/?p=34668","title":{"rendered":"El gobierno argentino expres\u00f3 su \u00abhonda preocupaci\u00f3n\u00bb por la situaci\u00f3n en Israel y Palestina"},"content":{"rendered":"\n<p><strong><em>La canciller\u00eda&nbsp;conden\u00f3 la \u00abescalada de violencia, que caus\u00f3 numerosas v\u00edctimas fatales, cientos de heridos y trajo mayor sufrimiento a la regi\u00f3n y sus habitantes\u00bb.<\/em><\/strong><\/p>\n\n\n\n<p>Argentina expres\u00f3 su \u00abhonda preocupaci\u00f3n\u00bb por la situaci\u00f3n en Israel y Palestina<br>El Gobierno argentino expres\u00f3 este martes su \u00abhonda preocupaci\u00f3n\u00bb por el \u00abdram\u00e1tico agravamiento de la situaci\u00f3n en Israel y Palestina\u00bb, a la vez que conden\u00f3 la \u00abescalada de violencia, que caus\u00f3 numerosas v\u00edctimas fatales, cientos de heridos y trajo mayor sufrimiento a la regi\u00f3n y sus habitantes\u00bb.<\/p>\n\n\n\n<p><strong>\u00abLa Rep\u00fablica Argentina expresa su honda preocupaci\u00f3n&nbsp;<a href=\"https:\/\/www.telam.com.ar\/notas\/202105\/553809-israel-palestina-conflicto.html\" target=\"_blank\" rel=\"noreferrer noopener\">por el dram\u00e1tico agravamiento de la situaci\u00f3n en Israel y Palestina<\/a>, el uso desproporcionado de la fuerza por parte de unidades de seguridad israel\u00edes ante protestas por posibles desalojos de familias palestinas de sus hogares en los barrios de Sheikh Jarrah y Silwan, as\u00ed como por la respuesta a trav\u00e9s del lanzamiento de misiles y artefactos incendiarios desde la Franja de Gaza\u00bb<\/strong>, se\u00f1alo la Canciller\u00eda argentina en un comunicado emitido esta tarde.<\/p>\n\n\n\n<p>El Palacio San Mart\u00edn, alert\u00f3 que&nbsp;<strong>\u00abtodo ello condujo a una escalada de la violencia, que condenamos,&nbsp;<a href=\"https:\/\/www.telam.com.ar\/notas\/202105\/553804-israel-palestina-gaza.html\" target=\"_blank\" rel=\"noreferrer noopener\">que caus\u00f3 numerosas v\u00edctimas fatales<\/a>, cientos de heridos y trajo mayor sufrimiento a la regi\u00f3n y sus habitantes\u00bb.<\/strong><\/p>\n\n\n\n<p><a href=\"https:\/\/platform.twitter.com\/embed\/Tweet.html?creatorScreenName=agenciatelam&amp;dnt=false&amp;embedId=twitter-widget-0&amp;features=eyJ0ZndfZXhwZXJpbWVudHNfY29va2llX2V4cGlyYXRpb24iOnsiYnVja2V0IjoxMjA5NjAwLCJ2ZXJzaW9uIjpudWxsfSwidGZ3X2hvcml6b25fdHdlZXRfZW1iZWRfOTU1NSI6eyJidWNrZXQiOiJodGUiLCJ2ZXJzaW9uIjpudWxsfSwidGZ3X3R3ZWV0X2VtYmVkX2NsaWNrYWJpbGl0eV8xMjEwMiI6eyJidWNrZXQiOiJjb250cm9sIiwidmVyc2lvbiI6bnVsbH0sInRmd190ZWFtX2hvbGRiYWNrXzExOTI5Ijp7ImJ1Y2tldCI6InByb2R1Y3Rpb24iLCJ2ZXJzaW9uIjo2fX0%3D&amp;frame=false&amp;hideCard=false&amp;hideThread=false&amp;id=1392222700156956674&amp;lang=en&amp;origin=https%3A%2F%2Fwww.telam.com.ar%2Fnotas%2F202105%2F553888-el-gobierno-argentino-expreso-su-honda-preocupacion-por-la-situacion-en-israel-y-palestina.html&amp;sessionId=825a8cecb4c7472fbd0c3c052d13e0746b8098af&amp;siteScreenName=agenciatelam&amp;theme=light&amp;widgetsVersion=82e1070%3A1619632193066&amp;width=550px\" target=\"_blank\" rel=\"noreferrer noopener\">https:\/\/platform.twitter.com\/embed\/Tweet.html?creatorScreenName=agenciatelam&amp;dnt=false&amp;embedId=twitter-widget-0&amp;features=eyJ0ZndfZXhwZXJpbWVudHNfY29va2llX2V4cGlyYXRpb24iOnsiYnVja2V0IjoxMjA5NjAwLCJ2ZXJzaW9uIjpudWxsfSwidGZ3X2hvcml6b25fdHdlZXRfZW1iZWRfOTU1NSI6eyJidWNrZXQiOiJodGUiLCJ2ZXJzaW9uIjpudWxsfSwidGZ3X3R3ZWV0X2VtYmVkX2NsaWNrYWJpbGl0eV8xMjEwMiI6eyJidWNrZXQiOiJjb250cm9sIiwidmVyc2lvbiI6bnVsbH0sInRmd190ZWFtX2hvbGRiYWNrXzExOTI5Ijp7ImJ1Y2tldCI6InByb2R1Y3Rpb24iLCJ2ZXJzaW9uIjo2fX0%3D&amp;frame=false&amp;hideCard=false&amp;hideThread=false&amp;id=1392222700156956674&amp;lang=en&amp;origin=https%3A%2F%2Fwww.telam.com.ar%2Fnotas%2F202105%2F553888-el-gobierno-argentino-expreso-su-honda-preocupacion-por-la-situacion-en-israel-y-palestina.html&amp;sessionId=825a8cecb4c7472fbd0c3c052d13e0746b8098af&amp;siteScreenName=agenciatelam&amp;theme=light&amp;widgetsVersion=82e1070%3A1619632193066&amp;width=550px<\/a><\/p>\n\n\n\n<p>Ante ese escenario, \u00abla Argentina insta a todos los actores a respetar plenamente sus obligaciones de conformidad con el derecho internacional, evitar acciones y declaraciones que escalen a\u00fan m\u00e1s la situaci\u00f3n, y a proteger y respetar los derechos de las poblaciones civiles afectadas como consecuencia de estos enfrentamientos\u00bb, indica el documento.<\/p>\n\n\n\n<p>Y<strong>&nbsp;\u00abexhorta a apoyar todos los esfuerzos internacionales para establecer un cese del fuego inmediato y duradero, como primer paso para la b\u00fasqueda de una convivencia pac\u00edfica para todos a trav\u00e9s del di\u00e1logo en la mesa de negociaciones\u00bb.<\/strong><\/p>\n\n\n\n<p>\u00abEn estos momentos,&nbsp;<strong>como fuera expresado por el Papa Francisco refiri\u00e9ndose a los enfrentamientos en Jerusal\u00e9n, debe tenerse presente que la violencia s\u00f3lo genera m\u00e1s violencia y que todos deben buscar soluciones compartidas para que prevalezca la paz<\/strong>&nbsp;en toda la regi\u00f3n\u00bb, concluye el comunicado.<\/p>\n\n\n\n<p>El Ej\u00e9rcito israel\u00ed lanz\u00f3 este martes m\u00e1s bombardeos en la Franja de Gaza luego de que milicianos palestinos dispararan cohetes hacia Israel en una escalada que ya dej\u00f3 tres israel\u00edes y 28 palestinos muertos, incluidos diez chicos.<\/p>\n","protected":false},"excerpt":{"rendered":"<p>La canciller\u00eda&nbsp;conden\u00f3 la \u00abescalada de violencia, que caus\u00f3 numerosas v\u00edctimas fatales, cientos de heridos y<\/p>\n","protected":false},"author":8,"featured_media":34669,"comment_status":"open","ping_status":"open","sticky":false,"template":"","format":"standard","meta":{"footnotes":""},"categories":[1],"tags":[],"class_list":["post-34668","post","type-post","status-publish","format-standard","has-post-thumbnail","hentry","category-noticias"],"_links":{"self":[{"href":"https:\/\/24formosa.com.ar\/index.php?rest_route=\/wp\/v2\/posts\/34668","targetHints":{"allow":["GET"]}}],"collection":[{"href":"https:\/\/24formosa.com.ar\/index.php?rest_route=\/wp\/v2\/posts"}],"about":[{"href":"https:\/\/24formosa.com.ar\/index.php?rest_route=\/wp\/v2\/types\/post"}],"author":[{"embeddable":true,"href":"https:\/\/24formosa.com.ar\/index.php?rest_route=\/wp\/v2\/users\/8"}],"replies":[{"embeddable":true,"href":"https:\/\/24formosa.com.ar\/index.php?rest_route=%2Fwp%2Fv2%2Fcomments&post=34668"}],"version-history":[{"count":1,"href":"https:\/\/24formosa.com.ar\/index.php?rest_route=\/wp\/v2\/posts\/34668\/revisions"}],"predecessor-version":[{"id":34670,"href":"https:\/\/24formosa.com.ar\/index.php?rest_route=\/wp\/v2\/posts\/34668\/revisions\/34670"}],"wp:featuredmedia":[{"embeddable":true,"href":"https:\/\/24formosa.com.ar\/index.php?rest_route=\/wp\/v2\/media\/34669"}],"wp:attachment":[{"href":"https:\/\/24formosa.com.ar\/index.php?rest_route=%2Fwp%2Fv2%2Fmedia&parent=34668"}],"wp:term":[{"taxonomy":"category","embeddable":true,"href":"https:\/\/24formosa.com.ar\/index.php?rest_route=%2Fwp%2Fv2%2Fcategories&post=34668"},{"taxonomy":"post_tag","embeddable":true,"href":"https:\/\/24formosa.com.ar\/index.php?rest_route=%2Fwp%2Fv2%2Ftags&post=34668"}],"curies":[{"name":"wp","href":"https:\/\/api.w.org\/{rel}","templated":true}]}}