{"id":34659,"date":"2021-05-12T09:53:20","date_gmt":"2021-05-12T12:53:20","guid":{"rendered":"https:\/\/24formosa.com.ar\/?p=34659"},"modified":"2021-05-12T09:53:21","modified_gmt":"2021-05-12T12:53:21","slug":"river-afronta-una-incomoda-visita-a-junior-de-barranquilla-antes-del-superclasico","status":"publish","type":"post","link":"https:\/\/24formosa.com.ar\/?p=34659","title":{"rendered":"River afronta una inc\u00f3moda visita a Junior de Barranquilla antes del Supercl\u00e1sico"},"content":{"rendered":"\n<p><em><strong>El encuentro entre el Millonario y el equipo cafetero, v\u00e1lido por el grupo D, se jugar\u00e1 en el estadio Romelio Mart\u00ednez, con el arbitraje del uruguayo Esteban Ostojich y transmisi\u00f3n de ESPN.<\/strong><\/em><\/p>\n\n\n\n<p>River busca quedar como \u00fanico l\u00edder del grupo.<br>River Plate visita este mi\u00e9rcoles a Junior, en la calurosa ciudad colombiana de Barranquilla, por la cuarta fecha de la Copa Libertadores en la previa del decisivo Supercl\u00e1sico del domingo contra Boca Juniors.<\/p>\n\n\n\n<p>El partido v\u00e1lido por el grupo D se jugar\u00e1 en el estadio Romelio Mart\u00ednez, con el arbitraje del uruguayo Esteban Ostojich y transmisi\u00f3n de ESPN.<\/p>\n\n\n\n<p><strong>River tiene 5 puntos y por diferencia de gol est\u00e1 segundo en el grupo por debajo de Fluminense.<\/strong><\/p>\n\n\n\n<p>Junior, en tanto, est\u00e1 tercero con dos unidades y necesita la victoria para seguir con chances de pelear por la clasificaci\u00f3n.<\/p>\n\n\n\n<p><strong>Hace dos semanas se enfrentaron en el Monumental donde River se impuso por 2-1<\/strong>&nbsp;en un ajustado partido que tuvo la pol\u00e9mica de un penal no cobrado a Junior con el partido 0-0.<\/p>\n\n\n\n<p>Sin Enzo P\u00e9rez ni Gonzalo Montiel, el equipo dirigido por Marcelo Gallardo afrontar\u00e1 una inc\u00f3moda visita a la calurosa Barranquilla justo antes del decisivo Supercl\u00e1sico del domingo en La Bombonera contra Boca Juniors por los cuartos de final de la Copa de la Liga Profesional.<\/p>\n\n\n\n<p>El defensor David Mart\u00ednez tambi\u00e9n fue resguardado y en su lugar reaparecer\u00eda Jonatan Maidana luego de cinco partidos ausente por Covid-19.<\/p>\n\n\n\n<p>Sin embargo, el experimentado zaguero reci\u00e9n se reincorpor\u00f3 el s\u00e1bado y si no est\u00e1 en plenitud f\u00edsica jugar\u00e1 el chileno Paulo D\u00edaz.<\/p>\n\n\n\n<p><strong>Como es habitual, el \u00abMu\u00f1eco\u00bb no dio indicios del equipo pero se especula con la posibilidad de una alineaci\u00f3n con mayor\u00eda de habituales suplentes<\/strong>.<\/p>\n\n\n\n<figure class=\"wp-block-image\"><img decoding=\"async\" src=\"https:\/\/www.telam.com.ar\/advf\/imagenes\/2021\/05\/609ade6ceb608_1004x1615.jpg\" alt=\"\" title=\"\"\/><\/figure>\n\n\n\n<p>A pesar de la paridad que hay en el grupo, la prioridad del cuerpo t\u00e9cnico es el Supercl\u00e1sico contra Boca Juniors, el sexto con eliminaci\u00f3n directa desde que asumi\u00f3 Gallardo en junio del 2014.<\/p>\n\n\n\n<p><strong>El fixture le permite especular ya que este ser\u00e1 el \u00faltimo partido como visitante de River en la Copa Libertadores dado que en las \u00faltimas dos fechas recibir\u00e1 a Independiente Santa Fe y Fluminense.<\/strong><\/p>\n\n\n\n<p>Con respecto a la goleada del domingo contra Aldosivi (4-1) en el Monumental, el equipo volver\u00eda a la defensa con cuatro jugadores con Alex Vigo y Milton Casco como laterales y en la contenci\u00f3n estar\u00edan Bruno Zuculini y Leonardo Ponzio, quienes lo hicieron la semana pasada en el empate sin goles contra Independiente Santa Fe en Asunci\u00f3n.<\/p>\n\n\n\n<p>Las dudas pasan por el ataque donde Gallardo tiene varias variantes pero podr\u00edan ingresar Santiago Sim\u00f3n, Jorge Carrascal, quien fue reemplazado en el entretiempo ante Aldosivi, y Benjam\u00edn Rollheiser para acompa\u00f1ar a Federico Girotti.<\/p>\n\n\n\n<p>Enzo P\u00e9rez seguir\u00e1 afuera luego del s\u00edndrome gastrointestinal que lo margin\u00f3 del \u00faltimo partido y apuntar\u00e1 todo a regresar el domingo al equipo.<\/p>\n\n\n\n<p>La situaci\u00f3n de Montiel es m\u00e1s compleja, ya que arrastra una severa contractura muscular y su presencia en La Bombonera est\u00e1 complicada.<\/p>\n\n\n\n<p>Si bien el clima social en Colombia no mejor\u00f3 con respecto a la semana pasada, la Conmebol confirm\u00f3 el partido en Barranquilla.<br>Junior jug\u00f3 el jueves pasado contra Fluminense (1-1) en Guayaquil, Ecuador, y para recibir a River ser\u00e1 local en el estadio Romelio Mart\u00ednez ya que el Metropolitano est\u00e1 en obras para la Copa Am\u00e9rica.<\/p>\n\n\n\n<p><strong>El equipo dirigido por Luis Amaranto Perea no tuvo actividad el fin de semana por el torneo local&nbsp;<\/strong>(en semifinales enfrentar\u00e1 a Millonarios), pero todav\u00eda no podr\u00e1 contar con el delantero Te\u00f3filo Guti\u00e9rrez, quien sigue recuper\u00e1ndose de una lesi\u00f3n muscular.<\/p>\n\n\n\n<p><strong>La \u00faltima vez de River en Barranquilla fue el 17 de marzo de 2005, por la fase de grupos de la Copa Libertadores, y fue triunfo \u00abmillonario\u00bb por 2-0 con goles de Ernesto Far\u00edas y Rubens Sambueza<\/strong>&nbsp;y Gallardo como titular en el equipo dirigido por Leonardo Astrada.<\/p>\n\n\n\n<p>Fabi\u00e1n Sambueza, hermano de Rubens y exTemperley, actualmente juega en Junior y podr\u00eda ocupar un lugar en el banco de suplentes tras cuatro partidos ausente por lesi\u00f3n.<\/p>\n\n\n\n<figure class=\"wp-block-embed\"><div class=\"wp-block-embed__wrapper\">\nhttps:\/\/estdeportes.telam.com.ar\/html\/v3\/model.html?channel=deportes.futbol.libertadores.577663&#038;lang=es_LA&#038;model=gamecast_v6&#038;hidePagesMenu=true\n<\/div><\/figure>\n\n\n\n<p>Probables formaciones<br>Junior: Sebasti\u00e1n Viera; Fabi\u00e1n Vi\u00e1fara, Daniel Rosero, Homer Mart\u00ednez y Gabriel Fuentes; Didier Moreno y Larry V\u00e1squez; Jhon Pajoy, Edwuin Cetre, Fredy Hinestroza; y Miguel Borja. DT: Luis Amaranto Perea.<\/p>\n\n\n\n<p>River Plate: Franco Armani; Alex Vigo, Robert Rojas, Jonatan Maidana o Paulo D\u00edaz y Milton Casco; Bruno Zuculini y Leonardo Ponzio; Santiago Sim\u00f3n, Jorge Carrascal, Benjam\u00edn Rollheiser; y Federico Girotti. DT: Marcelo Gallardo.<\/p>\n\n\n\n<p>Hora: 21.<\/p>\n\n\n\n<p>Estadio: Romelio Mart\u00ednez (Barranquilla).<\/p>\n\n\n\n<p>\u00c1rbitro: Esteban Ostojich (Uruguay).<\/p>\n\n\n\n<p>TV: ESPN.<\/p>\n","protected":false},"excerpt":{"rendered":"<p>El encuentro entre el Millonario y el equipo cafetero, v\u00e1lido por el grupo D, se<\/p>\n","protected":false},"author":8,"featured_media":34660,"comment_status":"open","ping_status":"open","sticky":false,"template":"","format":"standard","meta":{"footnotes":""},"categories":[1],"tags":[],"class_list":["post-34659","post","type-post","status-publish","format-standard","has-post-thumbnail","hentry","category-noticias"],"_links":{"self":[{"href":"https:\/\/24formosa.com.ar\/index.php?rest_route=\/wp\/v2\/posts\/34659","targetHints":{"allow":["GET"]}}],"collection":[{"href":"https:\/\/24formosa.com.ar\/index.php?rest_route=\/wp\/v2\/posts"}],"about":[{"href":"https:\/\/24formosa.com.ar\/index.php?rest_route=\/wp\/v2\/types\/post"}],"author":[{"embeddable":true,"href":"https:\/\/24formosa.com.ar\/index.php?rest_route=\/wp\/v2\/users\/8"}],"replies":[{"embeddable":true,"href":"https:\/\/24formosa.com.ar\/index.php?rest_route=%2Fwp%2Fv2%2Fcomments&post=34659"}],"version-history":[{"count":1,"href":"https:\/\/24formosa.com.ar\/index.php?rest_route=\/wp\/v2\/posts\/34659\/revisions"}],"predecessor-version":[{"id":34661,"href":"https:\/\/24formosa.com.ar\/index.php?rest_route=\/wp\/v2\/posts\/34659\/revisions\/34661"}],"wp:featuredmedia":[{"embeddable":true,"href":"https:\/\/24formosa.com.ar\/index.php?rest_route=\/wp\/v2\/media\/34660"}],"wp:attachment":[{"href":"https:\/\/24formosa.com.ar\/index.php?rest_route=%2Fwp%2Fv2%2Fmedia&parent=34659"}],"wp:term":[{"taxonomy":"category","embeddable":true,"href":"https:\/\/24formosa.com.ar\/index.php?rest_route=%2Fwp%2Fv2%2Fcategories&post=34659"},{"taxonomy":"post_tag","embeddable":true,"href":"https:\/\/24formosa.com.ar\/index.php?rest_route=%2Fwp%2Fv2%2Ftags&post=34659"}],"curies":[{"name":"wp","href":"https:\/\/api.w.org\/{rel}","templated":true}]}}