{"id":34656,"date":"2021-05-12T09:49:36","date_gmt":"2021-05-12T12:49:36","guid":{"rendered":"https:\/\/24formosa.com.ar\/?p=34656"},"modified":"2021-05-12T09:49:37","modified_gmt":"2021-05-12T12:49:37","slug":"francia-liberara-restricciones-con-un-ojo-puesto-en-las-presidenciales-de-2022","status":"publish","type":"post","link":"https:\/\/24formosa.com.ar\/?p=34656","title":{"rendered":"Francia liberar\u00e1 restricciones con un ojo puesto en las presidenciales de 2022"},"content":{"rendered":"\n<p><strong><em>Con el avance de la vacunaci\u00f3n y el \u00e9xito de las medidas de confinamiento, el pa\u00eds se apresta a disminuir las restricciones, lo que dar\u00e1 al presidente Emmanuel Macron un poco de aire y le quitar\u00e1 la bandera de \u00abfalta de libertad\u00bb que proclama la ultraderecha.<\/em><\/strong><\/p>\n\n\n\n<p>Francia es el tercer pa\u00eds de Europa en cantidad de muertes por Covid-19 detr\u00e1s de Reino Unido e Italia.<br>El presidente Alberto Fern\u00e1ndez est\u00e1 en&nbsp;<strong>Francia<\/strong>, el pa\u00eds que desde la revoluci\u00f3n de 1789 se arroga la condici\u00f3n de cuna de la democracia moderna pero que&nbsp;<strong>en la actualidad sufre como todos la pandemia de coronavirus<\/strong>, y que mostr\u00f3 que&nbsp;<strong>una importante cantidad de ciudadanos y ciudadanas prefieren defender su \u00ablibertad\u00bb frente a las pol\u00edticas de restricciones aun cuando \u00ablleven agua para el molino\u00bb de la ultraderecha<\/strong>.<\/p>\n\n\n\n<p>El presidente Emmanuel Macron ha abandonado en los \u00faltimos tiempos el espacio de centro que lo llev\u00f3 al gobierno en 2017 y ha dado un giro a la derecha para enfrentar la campa\u00f1a presidencial de 2022, en la que aspira a la reelecci\u00f3n.<\/p>\n\n\n\n<p>Por ahora, todos los sondeos pronostican que Macron pasar\u00eda a la segunda vuelta, donde se enfrentar\u00eda a la l\u00edder de la ultraderecha Marine le Pen, como sucedi\u00f3 en 2017, consign\u00f3 la agencia de noticias AFP.<\/p>\n\n\n\n<p>En principio, y gracias al avance de la vacunaci\u00f3n contra el coronavirus (al menos 18 millones de franceses recibieron al menos una dosis) y del \u00e9xito de las medidas de confinamiento de estos \u00faltimos meses, el pa\u00eds se apresta a disminuir las restricciones mediante la reapertura de caf\u00e9s, bares y restaurantes desde el 19 de este mes, con limitaci\u00f3n de seis comensales por mesa.<\/p>\n\n\n\n<blockquote class=\"wp-block-quote is-layout-flow wp-block-quote-is-layout-flow\"><p>El levantamiento de restricciones le dar\u00e1 al presidente un poco de aire y le quitar\u00e1 la bandera de \u00abfalta de libertad\u00bb que proclama la ultraderecha<\/p><\/blockquote>\n\n\n\n<p>Todos los negocios, incluidos los centros comerciales y los llamados \u00abno esenciales\u00bb, podr\u00e1n reabrir ese d\u00eda con una capacidad m\u00e1xima de un cliente por 8 metros cuadrados.<\/p>\n\n\n\n<p>A partir del 9 de junio aceptar\u00e1n el doble de clientes, es decir, uno por cada 4 metros cuadrados, limitaci\u00f3n que debe desaparecer el 30 de junio, de acuerdo con anuncios que el propio Macron hizo el 29 de abril.<\/p>\n\n\n\n<p>Mientras tanto, Francia se ha consolidado como el tercer pa\u00eds de Europa en cantidad de muertes por Covid-19 (casi 107.000) detr\u00e1s de Reino Unido e Italia.<\/p>\n\n\n\n<p>En todo caso, el levantamiento de restricciones le dar\u00e1 al presidente un poco de aire y le quitar\u00e1 la bandera de \u00abfalta de libertad\u00bb que proclama la ultraderecha, aunque por otro lado la lenta vuelta a la normalidad probablemente d\u00e9 lugar a las hist\u00f3ricas protestas del movimiento de los \u00abchalecos amarillos\u00bb, un conglomerado no alineado con partidos pol\u00edticos sino originado en las redes sociales que a partir de octubre de 2018 sali\u00f3 a rechazar el alza en el precio de los combustibles y luego ampli\u00f3 el pliego de sus reclamos.<\/p>\n\n\n\n<p>El 1 de mayo pasado \u2013una fecha sagrada para los sindicatos franceses- present\u00f3 una muestra de lo que podr\u00eda venir para etapa preelectoral, con al menos 34 personas detenidas durante las protestas celebradas en Par\u00eds, a la que se sumaron los principales sindicatos y los chalecos amarillos, entre otros colectivos.<\/p>\n\n\n\n<p>La polic\u00eda reprimi\u00f3 con gases lacrim\u00f3genos y camiones hidrantes la manifestaci\u00f3n en la capital francesa, as\u00ed como algunas de las marchas convocadas en otras 300 ciudades del pa\u00eds \u00abpor el empleo, los salarios, los servicios p\u00fablicos, la protecci\u00f3n social y las libertades\u00bb.<\/p>\n\n\n\n<p>\u00abEl a\u00f1o pasado hubo frustraci\u00f3n por no poder marchar. Estamos retomando nuestros buenos h\u00e1bitos\u00bb, expres\u00f3 el secretario general de la CGT, Philippe Martinez, durante la protesta en Par\u00eds, en un mensaje directo a los o\u00eddos presidenciales.<\/p>\n\n\n\n<p>Los manifestantes, la mayor\u00eda con tapabocas, llevaban pancartas que dec\u00edan: \u00abQueremos vivir, no sobrevivir\u00bb.<\/p>\n\n\n\n<p>En este panorama, Macron deber\u00e1 estudiar cada movimiento en el ajedrez que est\u00e1 dispuesto a jugar para darle jaque mate a la ultraderecha.<\/p>\n\n\n\n<p><img decoding=\"async\" src=\"https:\/\/www.telam.com.ar\/advf\/imagenes\/2020\/12\/5fdb2d48b877a_1004x566.jpg\" alt=\"Macron abandon\u00f3 el espacio de centro que lo llev\u00f3 al gobierno para dar un giro a la derecha de cara a las elecciones de 2022\">Macron abandon\u00f3 el espacio de centro que lo llev\u00f3 al gobierno para dar un giro a la derecha de cara a las elecciones de 2022<br>Por empezar, con la decisi\u00f3n de apoyar a los candidatos conservadores de Los Republicanos en las elecciones regionales en el sureste de Francia demostr\u00f3 su disposici\u00f3n a abandonar su postura centrista para presentarse como un candidato confiable para el elector de derecha.<\/p>\n\n\n\n<p>Frente a una izquierda dividida e hist\u00f3ricamente baja en las encuestas, Macron \u00absabe que el peligro viene de la derecha y hace todo lo posible para intentar dividirla\u00bb, explic\u00f3 a AFP Gael Sliman, presidente de la encuestadora Odoxa.<\/p>\n\n\n\n<p>Su primer ministro, Jean Castex, pertenece a las filas de la derecha, al igual que varios ministros en puestos clave, como el de Interior o el de Econom\u00eda.<\/p>\n\n\n\n<p>La maniobra parece dar sus frutos: Christian Estrosi y Hubert Falco, alcaldes de derecha de Niza y Toulon (sureste), anunciaron en los \u00faltimos d\u00edas que dejan Los Republicanos para unirse al partido En Marcha, fundado por el presidente.<\/p>\n\n\n\n<p>\u00bfEs Francia -que s\u00f3lo ha tenido dos presidentes de izquierda desde 1945 &#8211; un pa\u00eds de derecha? Una encuesta del think tank Fondapol tiende a acreditar esta tesis, ya que el 38% de los votantes se sit\u00faa en la derecha del espectro pol\u00edtico (frente a 33% en 2017), y solo el 24% en la izquierda (frente a 25% en 2017).<\/p>\n\n\n\n<p>Si Macron fue elegido en 2017 con una buena proporci\u00f3n de votantes de izquierda, esta vez podr\u00e1 contar con una reserva de votos de la derecha.<\/p>\n\n\n\n<blockquote class=\"wp-block-quote is-layout-flow wp-block-quote-is-layout-flow\"><p>Una encuesta del think tank Fondapol sostiene que el 38% de los votantes se sit\u00faa en la derecha del espectro pol\u00edtico y el 24% en la izquierda<\/p><\/blockquote>\n\n\n\n<p>En los \u00faltimos a\u00f1os ha adoptado una l\u00ednea m\u00e1s dura en materia de seguridad, uno de los temas que m\u00e1s genera preocupaci\u00f3n entre los votantes y que ser\u00e1 por tanto clave en los comicios.<\/p>\n\n\n\n<p>Francia se ha visto especialmente sacudida por una serie de atentados integristas en los \u00faltimos a\u00f1os, incluyendo el a\u00f1o pasado el asesinato de un profesor que muri\u00f3 decapitado en plena luz del d\u00eda por haber mostrado a sus alumnos caricaturas del profeta Mahoma.<\/p>\n\n\n\n<p>La gesti\u00f3n de la pandemia de Covid-19, considerada a veces err\u00e1tica, tambi\u00e9n a\u00f1ade un poco de incertidumbre a estas elecciones.<\/p>\n\n\n\n<p>En los \u00faltimos seis meses, casi dos de cada tres franceses han juzgado duramente su pol\u00edtica sanitaria, pero aprueban mayoritariamente su pol\u00edtica de apoyo a las empresas y a los trabajadores afectados por la crisis, con grandes cantidades de dinero p\u00fablico.<\/p>\n","protected":false},"excerpt":{"rendered":"<p>Con el avance de la vacunaci\u00f3n y el \u00e9xito de las medidas de confinamiento, el<\/p>\n","protected":false},"author":8,"featured_media":34657,"comment_status":"open","ping_status":"open","sticky":false,"template":"","format":"standard","meta":{"footnotes":""},"categories":[1],"tags":[],"class_list":["post-34656","post","type-post","status-publish","format-standard","has-post-thumbnail","hentry","category-noticias"],"_links":{"self":[{"href":"https:\/\/24formosa.com.ar\/index.php?rest_route=\/wp\/v2\/posts\/34656","targetHints":{"allow":["GET"]}}],"collection":[{"href":"https:\/\/24formosa.com.ar\/index.php?rest_route=\/wp\/v2\/posts"}],"about":[{"href":"https:\/\/24formosa.com.ar\/index.php?rest_route=\/wp\/v2\/types\/post"}],"author":[{"embeddable":true,"href":"https:\/\/24formosa.com.ar\/index.php?rest_route=\/wp\/v2\/users\/8"}],"replies":[{"embeddable":true,"href":"https:\/\/24formosa.com.ar\/index.php?rest_route=%2Fwp%2Fv2%2Fcomments&post=34656"}],"version-history":[{"count":1,"href":"https:\/\/24formosa.com.ar\/index.php?rest_route=\/wp\/v2\/posts\/34656\/revisions"}],"predecessor-version":[{"id":34658,"href":"https:\/\/24formosa.com.ar\/index.php?rest_route=\/wp\/v2\/posts\/34656\/revisions\/34658"}],"wp:featuredmedia":[{"embeddable":true,"href":"https:\/\/24formosa.com.ar\/index.php?rest_route=\/wp\/v2\/media\/34657"}],"wp:attachment":[{"href":"https:\/\/24formosa.com.ar\/index.php?rest_route=%2Fwp%2Fv2%2Fmedia&parent=34656"}],"wp:term":[{"taxonomy":"category","embeddable":true,"href":"https:\/\/24formosa.com.ar\/index.php?rest_route=%2Fwp%2Fv2%2Fcategories&post=34656"},{"taxonomy":"post_tag","embeddable":true,"href":"https:\/\/24formosa.com.ar\/index.php?rest_route=%2Fwp%2Fv2%2Ftags&post=34656"}],"curies":[{"name":"wp","href":"https:\/\/api.w.org\/{rel}","templated":true}]}}