{"id":34647,"date":"2021-05-12T09:42:00","date_gmt":"2021-05-12T12:42:00","guid":{"rendered":"https:\/\/24formosa.com.ar\/?p=34647"},"modified":"2023-01-16T12:10:18","modified_gmt":"2023-01-16T15:10:18","slug":"fernandez-agradecio-a-macron-su-apoyo-a-la-argentina-en-la-renegociacion-de-la-deuda","status":"publish","type":"post","link":"https:\/\/24formosa.com.ar\/?p=34647","title":{"rendered":"Fern\u00e1ndez agradeci\u00f3 a Macron su apoyo a la Argentina en la renegociaci\u00f3n de la deuda"},"content":{"rendered":"\n<p><strong><em>El Presidente y su par franc\u00e9s brindaron una declaraci\u00f3n conjunta en las escalinatas del Palacio del Eliseo, sede del Ejecutivo franc\u00e9s, antes del almuerzo que comparten ambos mandatarios, junto a la comitiva argentina.<\/em><\/strong><\/p>\n\n\n\n<p>El Presidente se encuentra en Francia en el marco de la gira europea en busca de apoyo para la negociaci\u00f3n con el FMI.<br>El presidente Alberto Fern\u00e1ndez agradeci\u00f3 este mi\u00e9rcoles el respaldo de Francia al pa\u00eds en el marco de la renegociaci\u00f3n de la deuda con el Fondo Monetario Internacional (FMI) y el Club de Par\u00eds en su encuentro con su par Emmanuel Macron, quien a su vez expres\u00f3 el anhelo de que la Argentina \u00abllegue a un acuerdo para establecer una estabilidad econ\u00f3mica\u00bb.<\/p>\n\n\n\n<p>Fern\u00e1ndez y Macron brindaron una declaraci\u00f3n conjunta en las escalinatas del Palacio del Eliseo, sede del Ejecutivo franc\u00e9s, antes del almuerzo que comparten ambos mandatarios, junto a la comitiva argentina.<\/p>\n\n\n\n<p>Por su parte,&nbsp;<strong>Macron dijo que Francia desea \u00abque la Argentina llegue a un acuerdo con el FMI para establecer una estabilidad econ\u00f3mica\u00bb.<\/strong><\/p>\n\n\n\n<p>Macron anticip\u00f3 que en el almuerzo que ya est\u00e1n compartiendo con Fern\u00e1ndez hablar\u00e1n \u00abde los compromisos financieros de la Argentina, sobre los cuales el presidente Fern\u00e1ndez ha trabajado conmigo\u00bb.<\/p>\n\n\n\n<p>\u00abFrancia est\u00e1 a su lado, y queremos que Argentina hable de manera constructiva con el Club de Par\u00eds, lo que ser\u00e1 muy importante para el conjunto de la poblaci\u00f3n\u00bbMACRON<\/p>\n\n\n\n<p>En relaci\u00f3n a la renegociaci\u00f3n de la deuda con el Club de Par\u00eds, Macron, dirigi\u00e9ndose a Fern\u00e1ndez, se\u00f1al\u00f3: \u00abFrancia est\u00e1 a su lado, y queremos que Argentina hable de manera constructiva con el Club de Par\u00eds, lo que ser\u00e1 muy importante para el conjunto de la poblaci\u00f3n\u00bb.<\/p>\n\n\n\n<p>En respuesta, F<strong>ern\u00e1ndez expres\u00f3: \u00abQuiero agradecerle p\u00fablicamente al presidente de Francia por su apoyo y acompa\u00f1amiento en las negociaciones tanto con los acreedores privados como con el FMI y el Club de Par\u00eds\u201d.<\/strong><\/p>\n\n\n\n<p>Asimismo, se\u00f1al\u00f3 que mantiene \u00abenormes expectativas en avanzar\u00bb con Macron, al que calific\u00f3 de \u00abamigo\u00bb y destac\u00f3 que tienen \u00abmiradas comunes sobre problemas ambientales y de g\u00e9nero que hacen al desarrollo humano\u00bb.<\/p>\n\n\n\n<p><img decoding=\"async\" src=\"https:\/\/www.telam.com.ar\/advf\/imagenes\/2021\/05\/609bc3e50ff26_1004x565.jpg\" alt=\"Fern\u00e1ndez ya recibi\u00f3 el apoyo de Espa\u00f1a y Portugal.\">Fern\u00e1ndez ya recibi\u00f3 el apoyo de Espa\u00f1a y Portugal.<br>En su tercera escala por Europa, luego de recibir el apoyo en la renegociaci\u00f3n de la deuda de Portugal y Espa\u00f1a, Fern\u00e1ndez arrib\u00f3 ayer a Paris.<\/p>\n\n\n\n<p><strong>Previo al encuentro con Macron, el mandatario argentino mantuvo un encuentro con ocho empresarios franceses que ya invierten en la Argentina.<\/strong><\/p>\n\n\n\n<p>Tras el almuerzo con Macron, Fern\u00e1ndez y su comitiva partir\u00e1n hacia Roma, donde est\u00e1 prevista la llegada a las 15.<\/p>\n","protected":false},"excerpt":{"rendered":"<p>El Presidente y su par franc\u00e9s brindaron una declaraci\u00f3n conjunta en las escalinatas del Palacio<\/p>\n","protected":false},"author":8,"featured_media":34648,"comment_status":"open","ping_status":"open","sticky":false,"template":"","format":"standard","meta":{"footnotes":""},"categories":[1],"tags":[],"class_list":["post-34647","post","type-post","status-publish","format-standard","has-post-thumbnail","hentry","category-noticias"],"_links":{"self":[{"href":"https:\/\/24formosa.com.ar\/index.php?rest_route=\/wp\/v2\/posts\/34647","targetHints":{"allow":["GET"]}}],"collection":[{"href":"https:\/\/24formosa.com.ar\/index.php?rest_route=\/wp\/v2\/posts"}],"about":[{"href":"https:\/\/24formosa.com.ar\/index.php?rest_route=\/wp\/v2\/types\/post"}],"author":[{"embeddable":true,"href":"https:\/\/24formosa.com.ar\/index.php?rest_route=\/wp\/v2\/users\/8"}],"replies":[{"embeddable":true,"href":"https:\/\/24formosa.com.ar\/index.php?rest_route=%2Fwp%2Fv2%2Fcomments&post=34647"}],"version-history":[{"count":1,"href":"https:\/\/24formosa.com.ar\/index.php?rest_route=\/wp\/v2\/posts\/34647\/revisions"}],"predecessor-version":[{"id":34649,"href":"https:\/\/24formosa.com.ar\/index.php?rest_route=\/wp\/v2\/posts\/34647\/revisions\/34649"}],"wp:featuredmedia":[{"embeddable":true,"href":"https:\/\/24formosa.com.ar\/index.php?rest_route=\/wp\/v2\/media\/34648"}],"wp:attachment":[{"href":"https:\/\/24formosa.com.ar\/index.php?rest_route=%2Fwp%2Fv2%2Fmedia&parent=34647"}],"wp:term":[{"taxonomy":"category","embeddable":true,"href":"https:\/\/24formosa.com.ar\/index.php?rest_route=%2Fwp%2Fv2%2Fcategories&post=34647"},{"taxonomy":"post_tag","embeddable":true,"href":"https:\/\/24formosa.com.ar\/index.php?rest_route=%2Fwp%2Fv2%2Ftags&post=34647"}],"curies":[{"name":"wp","href":"https:\/\/api.w.org\/{rel}","templated":true}]}}