{"id":34644,"date":"2021-05-12T09:39:14","date_gmt":"2021-05-12T12:39:14","guid":{"rendered":"https:\/\/24formosa.com.ar\/?p=34644"},"modified":"2021-05-12T09:39:14","modified_gmt":"2021-05-12T12:39:14","slug":"defensa-al-consumidor-informo-sobre-el-relanzamiento-del-acuerdo-nacional-de-cortes-carnicos","status":"publish","type":"post","link":"https:\/\/24formosa.com.ar\/?p=34644","title":{"rendered":"Defensa al Consumidor inform\u00f3 sobre el relanzamiento del acuerdo nacional de cortes c\u00e1rnicos"},"content":{"rendered":"\n<p><em>La Subsecretar\u00eda de Defensa al Consumidor y Usuario dio a conocer que el acuerdo nacional, dispondr\u00e1 de 11 cortes de carne de mayor consumo a precios accesibles y entrar\u00e1 en vigencia este mi\u00e9rcoles 12 de mayo y hasta el 31 de diciembre inclusive, en todas las cadenas nacionales de supermercados.<\/em><\/p>\n\n\n\n<p>Se trata del acuerdo entre el Ministerio de Desarrollo Productivo y entidades exportadoras de&nbsp;<a href=\"https:\/\/www.perfil.com\/noticias\/agro\/el-consumo-interno-de-carne-vacuna-es-el-mas-bajo-de-los-ultimos-100-anos.phtml\" target=\"_blank\" rel=\"noreferrer noopener\">carne vacuna<\/a>&nbsp;que hab\u00eda tenido sus primeras ediciones en diciembre de 2020, y que en un principio dispon\u00eda de 10 cortes populares, lo que este mes de mayo ampliar\u00e1 su oferta a 11 cortes. A partir del acuerdo los cortes de carne m\u00e1s representativos se podr\u00e1n adquirir a un precio de hasta un 30% m\u00e1s bajo en la mayor\u00eda de los cortes respecto que en su edici\u00f3n inicial, tal es el caso de la costilla a $359 el kg.<\/p>\n\n\n\n<p>As\u00ed tambi\u00e9n detallaron que en Formosa forman parte del acuerdo las cadenas de supermercados Changomas, Carrefour en los dos locales de ambas cadenas y &nbsp;la red de seis carnicer\u00edas de Los Nenecos SRL \u2013 Friar, totalizando en esta oportunidad una oferta aproximada de 9.000 kg semanales de carne de categor\u00eda Novillo, en 10 puntos de venta en la ciudad capital.<\/p>\n\n\n\n<p><strong>Precios<\/strong><\/p>\n\n\n\n<p>A saber los cortes y precios por kilo de carne son los siguientes: paleta&nbsp;a $485, carne picada a $265, espinazo a $110, vac\u00edo a $499, matambre a $549, falda a $229, tapa de asado a $429, asado a $359 (10% menos que en el acuerdo anterior), cuadrada a $515, roast beef a $409, carnaza a $379.<\/p>\n\n\n\n<p>Otro dato importante para los consumidores es que estos cortes pueden ser adquiridos sin ning\u00fan tipo de recargo ni sobreprecio por los beneficiarios de la Tarjeta Alimentar &nbsp;en estos comercios adheridos&nbsp; y adem\u00e1s, por medio de una pol\u00edtica de acuerdos del Gobierno Provincial, estos cortes en los locales de la red de carnicer\u00edas Los Nenecos, se podr\u00e1n abonar con la tarjeta Chig\u00fc\u00e9 del Banco Formosa, hasta en 3 cuotas sin intereses.<\/p>\n\n\n\n<p>Y adem\u00e1s estos cortes llegar\u00e1n las localidades del interior provincial a trav\u00e9s del Programa \u201cSoberan\u00eda Alimentaria Formose\u00f1a\u201d como parte de la pol\u00edtica de acuerdos de precios y la comercializaci\u00f3n de alimentos impulsada por el Gobierno Provincial a trav\u00e9s de la Subsecretaria de Defensa al Consumidor.<\/p>\n\n\n\n<p><strong>El acuerdo<\/strong><\/p>\n\n\n\n<p>Se ampl\u00eda la propuesta en variedad, ya que a los diez cortes que ya formaban parte del acuerdo se adicionan dos que son parte de la lista de Precios Cuidados. Adem\u00e1s los d\u00edas de oferta ser\u00e1n de lunes a viernes, con lo que pasar\u00e1 de estar disponibles 20 d\u00edas al mes.<\/p>\n\n\n\n<p>El convenio se extender\u00e1 hasta el 31 de diciembre, con &nbsp;una actualizaci\u00f3n trimestral. En esta oportunidad se dispone de un volumen inicial de m\u00e1s de 8 millones de kilos para todo el pa\u00eds, un 33% m\u00e1s de los 6 millones disponibles en la edici\u00f3n anterior, que incluso se podr\u00e1 aumentar seg\u00fan el nivel de demanda.<\/p>\n\n\n\n<p><strong>Medidas provinciales<\/strong><\/p>\n\n\n\n<p>Si bien en esta oportunidad el programa nacional, &nbsp;adicionar\u00e1 un sistema itinerante de comercializaci\u00f3n que visitar\u00e1 municipios a trav\u00e9s de&nbsp;camiones refrigerados con venta directa al p\u00fablico. Subrayaron que el Gobierno provincial, a trav\u00e9s de la Subsecretar\u00eda de Defensa al Consumidor y Usuario, continuara con el programa Soberan\u00eda Alimentaria Formose\u00f1a. El mismo visita las localidades del interior de la provincia, con un esquema de comercializaci\u00f3n de alimentos de mayor consumo a precios referenciados.<\/p>\n\n\n\n<p>Adelantaron que si bien, en las primeras ediciones del acuerdo nacional, la Subsecretar\u00eda de Defensa al Consumidor llev\u00f3 adelante las inspecciones correspondientes a fin de garantizar el cumplimento al acuerdo de precios y las correctas condiciones de conservaci\u00f3n de los productos c\u00e1rnicos, en esta oportunidad actuar\u00e1n de la misma manera una vez puesto en marcha el programa, con el objetivo final de cuidar &nbsp;la salud y el bolsillo de los consumidores.<\/p>\n\n\n\n<p><strong>Nuevas propuestas<\/strong><\/p>\n\n\n\n<p>Por otro lado, destacaron que el acuerdo de \u201cPrecios Provinciales de Cortes C\u00e1rnicos\u201d en el marco del programa Precios Cuidados Formose\u00f1os suscripto con la empresa Los Nenecos, en diciembre de 2020, continua desarroll\u00e1ndose con mucha aceptaci\u00f3n por parte de los consumidores formose\u00f1os, estando muy pr\u00f3ximo a instrumentarse una nueva propuesta de cortes c\u00e1rnicos&nbsp; de cerdo a precios populares.&nbsp;<\/p>\n\n\n\n<p>Y dispuso de cortes de la categor\u00eda novillo, cerdo y pollo sumado a otros productos de granja disponibles de lunes a domingo en los seis locales de carnicer\u00edas \u201cLos Nenecos\u201d; como as\u00ed tambi\u00e9n en las localidades visitadas por el programa Soberan\u00eda Alimentaria Formose\u00f1a.<\/p>\n","protected":false},"excerpt":{"rendered":"<p>La Subsecretar\u00eda de Defensa al Consumidor y Usuario dio a conocer que el acuerdo nacional,<\/p>\n","protected":false},"author":8,"featured_media":34645,"comment_status":"open","ping_status":"open","sticky":false,"template":"","format":"standard","meta":{"footnotes":""},"categories":[1],"tags":[],"class_list":["post-34644","post","type-post","status-publish","format-standard","has-post-thumbnail","hentry","category-noticias"],"_links":{"self":[{"href":"https:\/\/24formosa.com.ar\/index.php?rest_route=\/wp\/v2\/posts\/34644","targetHints":{"allow":["GET"]}}],"collection":[{"href":"https:\/\/24formosa.com.ar\/index.php?rest_route=\/wp\/v2\/posts"}],"about":[{"href":"https:\/\/24formosa.com.ar\/index.php?rest_route=\/wp\/v2\/types\/post"}],"author":[{"embeddable":true,"href":"https:\/\/24formosa.com.ar\/index.php?rest_route=\/wp\/v2\/users\/8"}],"replies":[{"embeddable":true,"href":"https:\/\/24formosa.com.ar\/index.php?rest_route=%2Fwp%2Fv2%2Fcomments&post=34644"}],"version-history":[{"count":1,"href":"https:\/\/24formosa.com.ar\/index.php?rest_route=\/wp\/v2\/posts\/34644\/revisions"}],"predecessor-version":[{"id":34646,"href":"https:\/\/24formosa.com.ar\/index.php?rest_route=\/wp\/v2\/posts\/34644\/revisions\/34646"}],"wp:featuredmedia":[{"embeddable":true,"href":"https:\/\/24formosa.com.ar\/index.php?rest_route=\/wp\/v2\/media\/34645"}],"wp:attachment":[{"href":"https:\/\/24formosa.com.ar\/index.php?rest_route=%2Fwp%2Fv2%2Fmedia&parent=34644"}],"wp:term":[{"taxonomy":"category","embeddable":true,"href":"https:\/\/24formosa.com.ar\/index.php?rest_route=%2Fwp%2Fv2%2Fcategories&post=34644"},{"taxonomy":"post_tag","embeddable":true,"href":"https:\/\/24formosa.com.ar\/index.php?rest_route=%2Fwp%2Fv2%2Ftags&post=34644"}],"curies":[{"name":"wp","href":"https:\/\/api.w.org\/{rel}","templated":true}]}}