{"id":34638,"date":"2021-05-12T09:34:19","date_gmt":"2021-05-12T12:34:19","guid":{"rendered":"https:\/\/24formosa.com.ar\/?p=34638"},"modified":"2021-05-12T09:34:21","modified_gmt":"2021-05-12T12:34:21","slug":"ascienden-a-142-las-camas-de-terapia-intensiva-ante-el-aumento-de-casos-en-la-provincia","status":"publish","type":"post","link":"https:\/\/24formosa.com.ar\/?p=34638","title":{"rendered":"Ascienden a 142 las camas de terapia intensiva ante el aumento de casos en la provincia"},"content":{"rendered":"\n<p><em>Los m\u00e9dicos Juli\u00e1n Bibolini y Mario Romero Bruno, especialistas del Consejo de Atenci\u00f3n Integral de la Emergencia COVID-19 \u201cDr. Enrique Servian\u201d, explicaron que la ocupaci\u00f3n actual en las Unidades de Terapia Intensiva (UTI) es hoy de m\u00e1s del 84% e instaron a la poblaci\u00f3n a colaborar para disminuir los contagios.<\/em><\/p>\n\n\n\n<p>En este sentido, Bibolini indic\u00f3 que el sistema p\u00fablico de salud aument\u00f3 a 142 las camas, de las cuales, 116 se encuentran ocupadas y que \u201cla gran mayor\u00eda con asistencia respiratoria\u201d.<\/p>\n\n\n\n<p>Asimismo, lament\u00f3 que la tendencia siga en alta \u201clo ideal hubiese sido que vaya bajando pero eso no ha ocurrido, hay que disminuir al m\u00e1ximo la circulaci\u00f3n y reuniones, tambi\u00e9n las familiares con no convivientes\u201d, pidi\u00f3 \u201ctratar de bajar al m\u00e1ximo esta situaci\u00f3n porque esta variante provoca una alta demanda del sistema de salud y eso hace que se llegue a una sobresaturaci\u00f3n, al cansancio del personal, por lo quenecesitamos el esfuerzo de todos para tratar de disminuir los casos\u201d.<\/p>\n\n\n\n<p>Adem\u00e1s, Bibolini record\u00f3 que un paciente positivo por coronavirus debe ser aislado en un Centro de Atenci\u00f3n Sanitaria (CAS) para un mejor control del caso, salvo que tenga menores a cargo o dificultad para moverse; \u201ces m\u00e1s factible tenerlo m\u00e1s cerca al paciente que socorrerlo en su domicilio\u201d.<\/p>\n\n\n\n<p>Por su parte, Mario Romero Bruno enfatiz\u00f3 en que \u201cha sido explosiva la cantidad de casos de los \u00faltimos meses, y las causas de este aumento las conocen muy bien: El ingreso irrestricto de personas portadoras del virus, las reuniones sociales y laborales (donde no se mantiene los protocolos), las movilizaciones innecesarias, etc.\u201d<\/p>\n\n\n\n<figure class=\"wp-block-image\"><a href=\"https:\/\/agenfor.com.ar\/wp-content\/uploads\/2021\/05\/RB-11.jpg\"><img decoding=\"async\" src=\"https:\/\/agenfor.com.ar\/wp-content\/uploads\/2021\/05\/RB-11-1024x682.jpg\" alt=\"\" class=\"wp-image-99386\"\/><\/a><\/figure>\n\n\n\n<p>Y, en el mismo orden que su colega, subray\u00f3 que los CAS son hospitales en escuelas, acondicionadas con equipamiento y personal de salud, organizados previamente por la provincia para la asistencia de pacientes COVID para no expandir el virus a otras \u00e1reas de un nosocomio.<\/p>\n\n\n\n<p>Por \u00faltimo, destac\u00f3 al hospital monovalente Interdistrital Evita, que atiende solamente a pacientes con coronavirus y tiene 168 camas -entre las de UTI y sala general- luego, los hospitales Central, Distrital N\u00b08, de La Madre y el Ni\u00f1o, Alta Complejidad y el Cruz Felipe Arnedo de Clorinda, los cuales totalizan m\u00e1s de 210 camas. &nbsp;\u201cSon m\u00e1s de 400 camas para atender esta pandemia\u201d, concluy\u00f3.<\/p>\n","protected":false},"excerpt":{"rendered":"<p>Los m\u00e9dicos Juli\u00e1n Bibolini y Mario Romero Bruno, especialistas del Consejo de Atenci\u00f3n Integral de<\/p>\n","protected":false},"author":8,"featured_media":34639,"comment_status":"open","ping_status":"open","sticky":false,"template":"","format":"standard","meta":{"footnotes":""},"categories":[1],"tags":[],"class_list":["post-34638","post","type-post","status-publish","format-standard","has-post-thumbnail","hentry","category-noticias"],"_links":{"self":[{"href":"https:\/\/24formosa.com.ar\/index.php?rest_route=\/wp\/v2\/posts\/34638","targetHints":{"allow":["GET"]}}],"collection":[{"href":"https:\/\/24formosa.com.ar\/index.php?rest_route=\/wp\/v2\/posts"}],"about":[{"href":"https:\/\/24formosa.com.ar\/index.php?rest_route=\/wp\/v2\/types\/post"}],"author":[{"embeddable":true,"href":"https:\/\/24formosa.com.ar\/index.php?rest_route=\/wp\/v2\/users\/8"}],"replies":[{"embeddable":true,"href":"https:\/\/24formosa.com.ar\/index.php?rest_route=%2Fwp%2Fv2%2Fcomments&post=34638"}],"version-history":[{"count":1,"href":"https:\/\/24formosa.com.ar\/index.php?rest_route=\/wp\/v2\/posts\/34638\/revisions"}],"predecessor-version":[{"id":34640,"href":"https:\/\/24formosa.com.ar\/index.php?rest_route=\/wp\/v2\/posts\/34638\/revisions\/34640"}],"wp:featuredmedia":[{"embeddable":true,"href":"https:\/\/24formosa.com.ar\/index.php?rest_route=\/wp\/v2\/media\/34639"}],"wp:attachment":[{"href":"https:\/\/24formosa.com.ar\/index.php?rest_route=%2Fwp%2Fv2%2Fmedia&parent=34638"}],"wp:term":[{"taxonomy":"category","embeddable":true,"href":"https:\/\/24formosa.com.ar\/index.php?rest_route=%2Fwp%2Fv2%2Fcategories&post=34638"},{"taxonomy":"post_tag","embeddable":true,"href":"https:\/\/24formosa.com.ar\/index.php?rest_route=%2Fwp%2Fv2%2Ftags&post=34638"}],"curies":[{"name":"wp","href":"https:\/\/api.w.org\/{rel}","templated":true}]}}