{"id":34633,"date":"2021-05-11T16:42:07","date_gmt":"2021-05-11T19:42:07","guid":{"rendered":"https:\/\/24formosa.com.ar\/?p=34633"},"modified":"2021-05-11T16:42:07","modified_gmt":"2021-05-11T19:42:07","slug":"bareiro-no-necesitamos-reconocimiento-sino-que-nos-ayuden-y-se-cuiden","status":"publish","type":"post","link":"https:\/\/24formosa.com.ar\/?p=34633","title":{"rendered":"Bareiro: \u201cNo necesitamos reconocimiento, sino que nos ayuden y se cuiden\u201d"},"content":{"rendered":"\n<p><em>El director de la Unidad de Pronta Atenci\u00f3n de Contingencia (UPAC), el doctor Hugo Bareiro, manifest\u00f3 la preocupaci\u00f3n actual por el \u00edndice de contagios en toda la provincia, aseverando que ya \u201cno necesitamos reconocimiento, sino ayuda por parte de la ciudadan\u00eda\u201d.<\/em><\/p>\n\n\n\n<p>\u201cSeguimos firmes, pero muy preocupados porque esta curva de contagios no baja, no cesa; necesitamos tener un peque\u00f1o alivio, un respiro, porque el nivel de infecci\u00f3n es impresionante\u201d, declar\u00f3 contundente ante<strong>&nbsp;AGENFOR<\/strong>.<\/p>\n\n\n\n<p>Enfatiz\u00f3 que es ahora cuando m\u00e1s hay que cuidarse y tomar las medidas de prevenci\u00f3n. \u201cSi nos estamos contagiando a este nivel, es porque sinceramente estamos cometiendo errores en nuestros cuidados\u201d, sostuvo.&nbsp;<\/p>\n\n\n\n<p>\u201cNosotros ven\u00edamos dando las recomendaciones adecuadas y tomando las medidas sanitarias que nos permitieron que el a\u00f1o pasado tengamos un status sanitario muy bueno. Pero despu\u00e9s, por la interposici\u00f3n de la Justicia, que jug\u00f3 en contra de la salud, y el aprovechamiento de la oposici\u00f3n, apostando a que el sistema sanitario se derrumbe, nos llevaron a esta situaci\u00f3n actual\u201d, lament\u00f3.&nbsp;<\/p>\n\n\n\n<p>En contexto, indic\u00f3 que ahora lo que se debe lograr es \u201cdisminuir el da\u00f1o que ya est\u00e1 provocando\u201d y a modo de ejemplo expres\u00f3: \u201cHoy estamos en la etapa de mitigaci\u00f3n, hay muchos heridos y tenemos que conseguir que ellos se recuperen r\u00e1pidamente y no se compliquen m\u00e1s\u201d, asever\u00f3.&nbsp;<\/p>\n\n\n\n<p><strong>Estrategias visionarias<\/strong><\/p>\n\n\n\n<p>\u201cEl sistema formose\u00f1o, por una vocaci\u00f3n visionaria de nuestro gobernador Gildo Insfr\u00e1n y del Consejo de Atenci\u00f3n Integral de la Emergencia COVID 19 \u2018Dr. Enrique Servi\u00e1n\u2019, durante el a\u00f1o pasado no s\u00f3lo gan\u00f3 tiempo desde el punto de vista epidemiol\u00f3gico, sino tambi\u00e9n desde el fortalecimiento del sistema sanitario\u201d, realz\u00f3 a esta Agencia el doctor Bareiro.<\/p>\n\n\n\n<p>Puso en resalto que Formosa sigue siendo la \u00fanica provincia argentina en contar con un \u201chospital dedicado exclusivamente a la atenci\u00f3n de personas con COVID-19\u201d y agreg\u00f3: \u201cAhora tambi\u00e9n tenemos otros hospitales sembrados en distintos puntos del territorio\u201d.<\/p>\n\n\n\n<p>\u201cSi bien es cierto que la ocupaci\u00f3n de camas del sistema sanitario estatal es del 85%, todav\u00eda quedan las de los centros privados\u201d, pormenoriz\u00f3.<\/p>\n\n\n\n<p>Se\u00f1al\u00f3 que, a pesar de ello, no se puede dejar de advertir ni permitir que la curva de afecci\u00f3n contin\u00fae creciendo. \u201cTodo tiene un l\u00edmite y la soluci\u00f3n no est\u00e1 en aumentar la cantidad de camas y respiradores, sino con m\u00e1s prevenci\u00f3n y menos contagios\u201d, apunt\u00f3 terminante.<\/p>\n\n\n\n<figure class=\"wp-block-image\"><a href=\"https:\/\/agenfor.com.ar\/wp-content\/uploads\/2021\/02\/Hospital-Evita.jpg\"><img decoding=\"async\" src=\"https:\/\/agenfor.com.ar\/wp-content\/uploads\/2021\/02\/Hospital-Evita.jpg\" alt=\"\" class=\"wp-image-93045\"\/><\/a><\/figure>\n\n\n\n<p><strong>Manaos<\/strong><\/p>\n\n\n\n<p>Adem\u00e1s, el doctor Bareiro acentu\u00f3 que hay que tener muy presente que en la provincia \u201cse confirm\u00f3 la circulaci\u00f3n de la variante P1 de Manaos\u201d y que su grado de contagio y de complicaciones \u201cson m\u00e1s rigurosas que la versi\u00f3n anterior\u201d. \u201cAhora m\u00e1s que nunca nos debemos cuidar\u201d, remarc\u00f3.<\/p>\n\n\n\n<p>En respuesta a c\u00f3mo sospecharon que esta variante se encontraba en la provincia, contest\u00f3: \u201cHubo personas que dieron positivo y al d\u00eda siguiente ya necesitaban un respirador. Esa r\u00e1pida evoluci\u00f3n no era habitual, entonces se fueron seleccionando pacientes para realizarle las pruebas y fue as\u00ed como se comprob\u00f3\u201d.<\/p>\n\n\n\n<p><strong>Afecciones y secuelas<\/strong><\/p>\n\n\n\n<p>\u201cUna de las posibilidades de afecci\u00f3n es la neumon\u00eda que trae trastornos respiratorios severos, pero tambi\u00e9n est\u00e1n las complicaciones renales, cardiol\u00f3gicas\u201d, inform\u00f3.<\/p>\n\n\n\n<p>Y ampli\u00f3: \u201cEn las complicaciones circulatorias es donde aquellas personas que tienen comorbilidad desarrollan una evoluci\u00f3n m\u00e1s aguda y agresiva, llevando a algunos a la muerte s\u00fabita, situaci\u00f3n que ya hemos tenido\u201d, indic\u00f3. Adem\u00e1s, agreg\u00f3 que puede ocasionar trastornos neurol\u00f3gicos.<\/p>\n\n\n\n<p>Con respecto de las secuelas, se\u00f1al\u00f3: \u201cEstamos observando que hay muchas personas que se han recuperado, pero que quedan con secuelas\u201d, advirti\u00f3.<\/p>\n\n\n\n<p>\u201cCuando se reintegran a la actividad habitual, se mueven un poquito m\u00e1s o toman mayor actividad, comienzan con distintos trastornos respiratorios, de tos cr\u00f3nica o dificultad renal\u201d, apuntando que las consecuencia se ven a mediano y largo plazo. \u201cEso es lo preocupante\u201d, alert\u00f3.<\/p>\n\n\n\n<p>Para finalizar, de manera categ\u00f3rica, expres\u00f3: \u201cUna vida que se pierde es un dolor para toda la sociedad. No necesitamos reconocimiento, sino que nos ayuden y se cuiden\u201d, cerr\u00f3.<\/p>\n\n\n\n<figure class=\"wp-block-image\"><a href=\"https:\/\/agenfor.com.ar\/wp-content\/uploads\/2021\/05\/Vacunacion-P.C.Zalazar-01.jpg\"><img decoding=\"async\" src=\"https:\/\/agenfor.com.ar\/wp-content\/uploads\/2021\/05\/Vacunacion-P.C.Zalazar-01.jpg\" alt=\"\" class=\"wp-image-99044\"\/><\/a><\/figure>\n","protected":false},"excerpt":{"rendered":"<p>El director de la Unidad de Pronta Atenci\u00f3n de Contingencia (UPAC), el doctor Hugo Bareiro,<\/p>\n","protected":false},"author":8,"featured_media":34634,"comment_status":"open","ping_status":"open","sticky":false,"template":"","format":"standard","meta":{"footnotes":""},"categories":[1],"tags":[],"class_list":["post-34633","post","type-post","status-publish","format-standard","has-post-thumbnail","hentry","category-noticias"],"_links":{"self":[{"href":"https:\/\/24formosa.com.ar\/index.php?rest_route=\/wp\/v2\/posts\/34633","targetHints":{"allow":["GET"]}}],"collection":[{"href":"https:\/\/24formosa.com.ar\/index.php?rest_route=\/wp\/v2\/posts"}],"about":[{"href":"https:\/\/24formosa.com.ar\/index.php?rest_route=\/wp\/v2\/types\/post"}],"author":[{"embeddable":true,"href":"https:\/\/24formosa.com.ar\/index.php?rest_route=\/wp\/v2\/users\/8"}],"replies":[{"embeddable":true,"href":"https:\/\/24formosa.com.ar\/index.php?rest_route=%2Fwp%2Fv2%2Fcomments&post=34633"}],"version-history":[{"count":1,"href":"https:\/\/24formosa.com.ar\/index.php?rest_route=\/wp\/v2\/posts\/34633\/revisions"}],"predecessor-version":[{"id":34635,"href":"https:\/\/24formosa.com.ar\/index.php?rest_route=\/wp\/v2\/posts\/34633\/revisions\/34635"}],"wp:featuredmedia":[{"embeddable":true,"href":"https:\/\/24formosa.com.ar\/index.php?rest_route=\/wp\/v2\/media\/34634"}],"wp:attachment":[{"href":"https:\/\/24formosa.com.ar\/index.php?rest_route=%2Fwp%2Fv2%2Fmedia&parent=34633"}],"wp:term":[{"taxonomy":"category","embeddable":true,"href":"https:\/\/24formosa.com.ar\/index.php?rest_route=%2Fwp%2Fv2%2Fcategories&post=34633"},{"taxonomy":"post_tag","embeddable":true,"href":"https:\/\/24formosa.com.ar\/index.php?rest_route=%2Fwp%2Fv2%2Ftags&post=34633"}],"curies":[{"name":"wp","href":"https:\/\/api.w.org\/{rel}","templated":true}]}}