{"id":34630,"date":"2021-05-11T16:39:37","date_gmt":"2021-05-11T19:39:37","guid":{"rendered":"https:\/\/24formosa.com.ar\/?p=34630"},"modified":"2021-05-11T16:39:37","modified_gmt":"2021-05-11T19:39:37","slug":"fallecio-el-primer-efectivo-policial-en-actividad-por-covid-19-en-la-provincia-de-formosa","status":"publish","type":"post","link":"https:\/\/24formosa.com.ar\/?p=34630","title":{"rendered":"Falleci\u00f3 el primer efectivo policial en actividad por COVID 19 en la provincia de Formosa"},"content":{"rendered":"\n<p><em>El Subcomisario ten\u00eda 45 a\u00f1os de edad y 25 en actividad. Era Segundo Jefe de la Comisar\u00eda Seccional Sexta.<\/em><\/p>\n\n\n\n<p>Este martes, el Consejo de Atenci\u00f3n Integral de la Emergencia COVID 19 \u201cDr. Enrique Servi\u00e1n\u201d confirm\u00f3 el fallecimiento por coronavirus del primer efectivo de la Polic\u00eda de la provincia en actividad durante este contexto de pandemia.<\/p>\n\n\n\n<p>\u201cEn el d\u00eda de hoy hemos lamentado la muerte del primer personal de la Polic\u00eda de la provincia en actividad, la verdad es que nos duele y mucho\u201d, anunci\u00f3 el ministro de Gobierno, Justicia, Seguridad y Trabajo de la provincia, Jorge Abel Gonz\u00e1lez.<\/p>\n\n\n\n<p>Y agreg\u00f3: \u201cTenemos que respetar el trabajo de quienes est\u00e1n en la primera l\u00ednea de batalla, el esfuerzo tremendo que est\u00e1n haciendo todos y todas en distintos \u00e1mbitos para cuidar la vida y la salud de cada uno de nosotros; y eso nos interpela: \u00bfqu\u00e9 estamos haciendo para cuidar la vida y la salud de todos?\u201d.<\/p>\n\n\n\n<p>El subcomisario Eusebio Ram\u00f3n Ch\u00e1vez falleci\u00f3 en la ma\u00f1ana de este martes. Ten\u00eda 45 a\u00f1os y el pasado 2 de mayo se realiz\u00f3 un hisopado de prevenci\u00f3n tras presentar s\u00edntomas compatibles con el COVID 19, cuyo resultado fue positivo.<\/p>\n\n\n\n<p>Por tal motivo, fue alojado en el Centro de Atenci\u00f3n Sanitaria del C\u00edrculo de Oficiales de la Polic\u00eda. Luego, el 8 de mayo por la noche, se lo traslad\u00f3 en ambulancia AMP hasta el Centro Integral de Salud para realizarse estudios complementarios a su tratamiento y una mayor atenci\u00f3n. All\u00ed falleci\u00f3 este martes.<\/p>\n\n\n\n<p>El Subcomisario Eusebio Ram\u00f3n Ch\u00e1vez egres\u00f3 de la Escuela de Cadetes en 1999, y desempe\u00f1\u00f3 sus funciones en diferentes \u00e1reas y dependencias policiales en capital e interior provincial. Estaba casado y ten\u00eda cuatro hijos, uno de ellos tambi\u00e9n integra la fuerza policial.<\/p>\n\n\n\n<p>En abril del 2020, Ch\u00e1vez cumpl\u00eda funciones como segundo Jefe de la Comisar\u00eda Sexta, y en ese periodo fue asignado responsable del Servicio de Seguridad del CAP Hotel RONNY, Servicio Covid-19, donde se alojaban las personas que ingresaban desde otras provincias cumpliendo el aislamiento obligatorio seg\u00fan el protocolo vigente en ese momento.<\/p>\n\n\n\n<p>En agosto del mismo a\u00f1o fue al oeste provincial en el marco del Operativo de Cuidado y Protecci\u00f3n de la salud, y cuando regres\u00f3, luego de varios meses, fue asignado, otra vez, como Segundo Jefe de la Comisar\u00eda Seccional Sexta.<\/p>\n\n\n\n<p>All\u00ed cumpl\u00eda todo tipo de servicios a la comunidad como tambi\u00e9n operativos implantados por el Comando Superior en el marco de la pandemia.<\/p>\n\n\n\n<p>El 9 de abril de este a\u00f1o, el Subcomisario recibi\u00f3 la primera dosis de la vacuna Sinopharm contra coronavirus.<\/p>\n\n\n\n<p>En ese marco, el Gobierno de la provincia y el Comando Superior de la instituci\u00f3n policial despidieron con respeto y hondo pesar al Subcomisario Eusebio Ram\u00f3n Ch\u00e1vez, quien llevaba 25 a\u00f1os de servicio en la comunidad formose\u00f1a.<\/p>\n\n\n\n<p>Adem\u00e1s, expresaron sus condolencias y acompa\u00f1aron a su familia, amigos y compa\u00f1eros, en este dif\u00edcil momento, orando por su eterno descanso.<\/p>\n","protected":false},"excerpt":{"rendered":"<p>El Subcomisario ten\u00eda 45 a\u00f1os de edad y 25 en actividad. Era Segundo Jefe de<\/p>\n","protected":false},"author":8,"featured_media":34631,"comment_status":"open","ping_status":"open","sticky":false,"template":"","format":"standard","meta":{"footnotes":""},"categories":[1],"tags":[],"class_list":["post-34630","post","type-post","status-publish","format-standard","has-post-thumbnail","hentry","category-noticias"],"_links":{"self":[{"href":"https:\/\/24formosa.com.ar\/index.php?rest_route=\/wp\/v2\/posts\/34630","targetHints":{"allow":["GET"]}}],"collection":[{"href":"https:\/\/24formosa.com.ar\/index.php?rest_route=\/wp\/v2\/posts"}],"about":[{"href":"https:\/\/24formosa.com.ar\/index.php?rest_route=\/wp\/v2\/types\/post"}],"author":[{"embeddable":true,"href":"https:\/\/24formosa.com.ar\/index.php?rest_route=\/wp\/v2\/users\/8"}],"replies":[{"embeddable":true,"href":"https:\/\/24formosa.com.ar\/index.php?rest_route=%2Fwp%2Fv2%2Fcomments&post=34630"}],"version-history":[{"count":1,"href":"https:\/\/24formosa.com.ar\/index.php?rest_route=\/wp\/v2\/posts\/34630\/revisions"}],"predecessor-version":[{"id":34632,"href":"https:\/\/24formosa.com.ar\/index.php?rest_route=\/wp\/v2\/posts\/34630\/revisions\/34632"}],"wp:featuredmedia":[{"embeddable":true,"href":"https:\/\/24formosa.com.ar\/index.php?rest_route=\/wp\/v2\/media\/34631"}],"wp:attachment":[{"href":"https:\/\/24formosa.com.ar\/index.php?rest_route=%2Fwp%2Fv2%2Fmedia&parent=34630"}],"wp:term":[{"taxonomy":"category","embeddable":true,"href":"https:\/\/24formosa.com.ar\/index.php?rest_route=%2Fwp%2Fv2%2Fcategories&post=34630"},{"taxonomy":"post_tag","embeddable":true,"href":"https:\/\/24formosa.com.ar\/index.php?rest_route=%2Fwp%2Fv2%2Ftags&post=34630"}],"curies":[{"name":"wp","href":"https:\/\/api.w.org\/{rel}","templated":true}]}}