{"id":34608,"date":"2021-05-10T16:59:35","date_gmt":"2021-05-10T19:59:35","guid":{"rendered":"https:\/\/24formosa.com.ar\/?p=34608"},"modified":"2021-05-10T16:59:36","modified_gmt":"2021-05-10T19:59:36","slug":"beneficiarios-de-la-beca-destinada-a-comunidades-originarias-podran-cobrar-del-5-al-31-de-mayo","status":"publish","type":"post","link":"https:\/\/24formosa.com.ar\/?p=34608","title":{"rendered":"Beneficiarios de la beca destinada a comunidades originarias podr\u00e1n cobrar del 5 al 31 de mayo"},"content":{"rendered":"\n<p><em>El coordinador provincial de Educaci\u00f3n Intercultural Biling\u00fce, el profesor Adri\u00e1n Aranda, dialog\u00f3 con la&nbsp;<strong>Agencia de Noticias Formosa (AGENFOR)&nbsp;<\/strong>sobre la beca nacional destinada a las comunidades originarias.<\/em><\/p>\n\n\n\n<p>\u201cEs un apoyo escolar anual. En este caso corresponde a los estudiantes que se matricularon en el per\u00edodo 2020\u201d, inform\u00f3.<\/p>\n\n\n\n<p>\u201cSobre finales del a\u00f1o pasado, llevamos a cabo el proceso de relevamiento y matriculaci\u00f3n de los postulantes y en este mes de mayo el Ministerio de Educaci\u00f3n de la Naci\u00f3n y el \u00c1rea de Becas nos confirm\u00f3 que 3.344 estudiantes reunieron los requisitos necesarios para percibir este aporte\u201d, ampli\u00f3 el coordinador.<\/p>\n\n\n\n<p>En relaci\u00f3n, resalt\u00f3 que previamente se efectu\u00f3 un trabajo minucioso y coordinado con las escuelas secundarias. \u201cCon ellas se ha realizado una tarea importante a trav\u00e9s de la virtualidad\u201d, y destac\u00f3 que fue posible \u201cgracias a la conectividad que tienen las unidades educativas EIB en todo el territorio provincial\u201d.<\/p>\n\n\n\n<p>Subray\u00f3 que esta tarea tambi\u00e9n se desarroll\u00f3 a trav\u00e9s del entrecruzamiento de datos con el sistema de ANSES qu\u00e9 \u201cha determinado que grupo familiar se encontraba en condici\u00f3n socioecon\u00f3mica para poder percibir esta ayuda\u201d.<\/p>\n\n\n\n<p><strong>Forma y fecha de pago<\/strong><\/p>\n\n\n\n<p>En referencia, Aranda inform\u00f3: \u201cPor ahora, el pago es por ventanilla a trav\u00e9s de las sucursales del Banco Naci\u00f3n\u201d y remarc\u00f3 que para la totalidad de escuelas \u201cse encuentran habilitadas cuatro sucursales\u201d.<\/p>\n\n\n\n<p>\u201cEst\u00e1n ubicadas en Ibarreta (que nuclea la mayor cantidad de instituciones y de poblaci\u00f3n estudiantil beneficiaria), El Colorado, Formosa y Clorinda\u201d, indic\u00f3.<\/p>\n\n\n\n<p>Especific\u00f3 que no hay una fecha concreta para el plazo del cobro, sino que se puede percibir desde el 5 al 31 de mayo e inform\u00f3: \u201cLos que no pueden hacerlo en ese tiempo, deben saber que con la respectiva autorizaci\u00f3n del \u00c1rea de Becas de Naci\u00f3n, el pago se extender\u00eda hasta el mes de junio\u201d, cerr\u00f3.<\/p>\n","protected":false},"excerpt":{"rendered":"<p>El coordinador provincial de Educaci\u00f3n Intercultural Biling\u00fce, el profesor Adri\u00e1n Aranda, dialog\u00f3 con la&nbsp;Agencia de<\/p>\n","protected":false},"author":8,"featured_media":34609,"comment_status":"open","ping_status":"open","sticky":false,"template":"","format":"standard","meta":{"footnotes":""},"categories":[1],"tags":[],"class_list":["post-34608","post","type-post","status-publish","format-standard","has-post-thumbnail","hentry","category-noticias"],"_links":{"self":[{"href":"https:\/\/24formosa.com.ar\/index.php?rest_route=\/wp\/v2\/posts\/34608","targetHints":{"allow":["GET"]}}],"collection":[{"href":"https:\/\/24formosa.com.ar\/index.php?rest_route=\/wp\/v2\/posts"}],"about":[{"href":"https:\/\/24formosa.com.ar\/index.php?rest_route=\/wp\/v2\/types\/post"}],"author":[{"embeddable":true,"href":"https:\/\/24formosa.com.ar\/index.php?rest_route=\/wp\/v2\/users\/8"}],"replies":[{"embeddable":true,"href":"https:\/\/24formosa.com.ar\/index.php?rest_route=%2Fwp%2Fv2%2Fcomments&post=34608"}],"version-history":[{"count":1,"href":"https:\/\/24formosa.com.ar\/index.php?rest_route=\/wp\/v2\/posts\/34608\/revisions"}],"predecessor-version":[{"id":34610,"href":"https:\/\/24formosa.com.ar\/index.php?rest_route=\/wp\/v2\/posts\/34608\/revisions\/34610"}],"wp:featuredmedia":[{"embeddable":true,"href":"https:\/\/24formosa.com.ar\/index.php?rest_route=\/wp\/v2\/media\/34609"}],"wp:attachment":[{"href":"https:\/\/24formosa.com.ar\/index.php?rest_route=%2Fwp%2Fv2%2Fmedia&parent=34608"}],"wp:term":[{"taxonomy":"category","embeddable":true,"href":"https:\/\/24formosa.com.ar\/index.php?rest_route=%2Fwp%2Fv2%2Fcategories&post=34608"},{"taxonomy":"post_tag","embeddable":true,"href":"https:\/\/24formosa.com.ar\/index.php?rest_route=%2Fwp%2Fv2%2Ftags&post=34608"}],"curies":[{"name":"wp","href":"https:\/\/api.w.org\/{rel}","templated":true}]}}