{"id":34602,"date":"2021-05-10T16:55:24","date_gmt":"2021-05-10T19:55:24","guid":{"rendered":"https:\/\/24formosa.com.ar\/?p=34602"},"modified":"2021-05-10T16:55:25","modified_gmt":"2021-05-10T19:55:25","slug":"mojon-de-fierro-inicio-el-plan-de-vacunacion-antigripal","status":"publish","type":"post","link":"https:\/\/24formosa.com.ar\/?p=34602","title":{"rendered":"Moj\u00f3n de Fierro inici\u00f3 el plan de vacunaci\u00f3n antigripal"},"content":{"rendered":"\n<p><em>Con la aplicaci\u00f3n de la dosis pedi\u00e1trica<\/em>.<\/p>\n\n\n\n<p>Ni\u00f1os de esta localidad, situada hacia el noreste de la provincia, recibieron la dosis anual de vacuna antigripal, incluida en el Calendario Nacional de vacunaci\u00f3n vigente y destinada a los grupos de riesgo establecidos.<\/p>\n\n\n\n<p>Cabe mencionarse, que recientemente, el Gobierno de la Provincia de Formosa, a trav\u00e9s del Ministerio de Desarrollo Humano, lanz\u00f3 la campa\u00f1a anual de vacunaci\u00f3n antigripal Invierno 2021 que, en el caso de los ni\u00f1os, debe aplicarse a los que tienen entre 6 meses y 2 a\u00f1os.<\/p>\n\n\n\n<p>Dicho plan estrat\u00e9gico, tiene por objetivo reducir el riesgo y el impacto que puede tener la gripe, producida por el virus influenza en la poblaci\u00f3n considerada m\u00e1s vulnerable.&nbsp;A su vez, ayuda a evitar complicaciones con otras afecciones respiratorias que suelen presentarse con mayor frecuencia, durante los d\u00edas m\u00e1s frescos y fr\u00edos del a\u00f1o. Como tambi\u00e9n las hospitalizaciones y muertes causadas por la evoluci\u00f3n de la gripe en otras enfermedades.<\/p>\n\n\n\n<p>La directora del Centro de Salud Moj\u00f3n de Fierro, doctora Griselda Ram\u00edrez, expres\u00f3 su satisfacci\u00f3n por haber dado inicio a la aplicaci\u00f3n de esta vacuna \u201cque en los grupos de riesgo debe repetirse con una dosis cada a\u00f1o para que sea efectiva y prevenga la gripe\u201d.<\/p>\n\n\n\n<p>Coment\u00f3 que, en un primer momento, la vacuna est\u00e1 dirigida al personal de salud, adultos mayores de 70 a\u00f1os, embarazadas en cualquier trimestre de gestaci\u00f3n, pu\u00e9rperas hasta el d\u00eda 10 de posparto, y ni\u00f1os de entre 6 meses y 2 a\u00f1os y que, posteriormente, se ir\u00e1n incorporando los otros grupos. \u201cEs fundamental que los ya nombrados para esta etapa, tengan su dosis aplicada, por la inmunidad que genera frente al virus, atenuando el proceso respiratorio que ocasiona, lo que resulta en una enfermedad m\u00e1s leve\u201d.<\/p>\n\n\n\n<p>En relaci\u00f3n al contexto de pandemia, se\u00f1al\u00f3 que \u201cestamos en un periodo cr\u00edtico, en el que eventualmente, pueden coexistir los dos virus (coronavirus e influenza). La antigripal no previene la enfermedad de COVID; sin embargo, sin la inmunidad que da la vacuna antigripal, los efectos producidos, podr\u00edan ser m\u00e1s agresivos y letales. Sobre todo, cuando se trata de personas de riesgo, en los que se pueden potenciar los efectos ocasionados\u201d.<\/p>\n\n\n\n<p>\u201cEsperamos a los vecinos que sean de los grupos de riesgo mencionados, a que se acerquen al centro de salud a recibir su dosis. Todas las vacunas son gratuitas, tambi\u00e9n esta lo es y debemos aprovecharla. Estaremos informando oportunamente si los vacunadores recorrer\u00e1n los domicilios para aplicarla\u201d, concluy\u00f3.<\/p>\n","protected":false},"excerpt":{"rendered":"<p>Con la aplicaci\u00f3n de la dosis pedi\u00e1trica. Ni\u00f1os de esta localidad, situada hacia el noreste<\/p>\n","protected":false},"author":8,"featured_media":34603,"comment_status":"open","ping_status":"open","sticky":false,"template":"","format":"standard","meta":{"footnotes":""},"categories":[1],"tags":[],"class_list":["post-34602","post","type-post","status-publish","format-standard","has-post-thumbnail","hentry","category-noticias"],"_links":{"self":[{"href":"https:\/\/24formosa.com.ar\/index.php?rest_route=\/wp\/v2\/posts\/34602","targetHints":{"allow":["GET"]}}],"collection":[{"href":"https:\/\/24formosa.com.ar\/index.php?rest_route=\/wp\/v2\/posts"}],"about":[{"href":"https:\/\/24formosa.com.ar\/index.php?rest_route=\/wp\/v2\/types\/post"}],"author":[{"embeddable":true,"href":"https:\/\/24formosa.com.ar\/index.php?rest_route=\/wp\/v2\/users\/8"}],"replies":[{"embeddable":true,"href":"https:\/\/24formosa.com.ar\/index.php?rest_route=%2Fwp%2Fv2%2Fcomments&post=34602"}],"version-history":[{"count":1,"href":"https:\/\/24formosa.com.ar\/index.php?rest_route=\/wp\/v2\/posts\/34602\/revisions"}],"predecessor-version":[{"id":34604,"href":"https:\/\/24formosa.com.ar\/index.php?rest_route=\/wp\/v2\/posts\/34602\/revisions\/34604"}],"wp:featuredmedia":[{"embeddable":true,"href":"https:\/\/24formosa.com.ar\/index.php?rest_route=\/wp\/v2\/media\/34603"}],"wp:attachment":[{"href":"https:\/\/24formosa.com.ar\/index.php?rest_route=%2Fwp%2Fv2%2Fmedia&parent=34602"}],"wp:term":[{"taxonomy":"category","embeddable":true,"href":"https:\/\/24formosa.com.ar\/index.php?rest_route=%2Fwp%2Fv2%2Fcategories&post=34602"},{"taxonomy":"post_tag","embeddable":true,"href":"https:\/\/24formosa.com.ar\/index.php?rest_route=%2Fwp%2Fv2%2Ftags&post=34602"}],"curies":[{"name":"wp","href":"https:\/\/api.w.org\/{rel}","templated":true}]}}