{"id":34546,"date":"2021-05-08T17:33:04","date_gmt":"2021-05-08T20:33:04","guid":{"rendered":"https:\/\/24formosa.com.ar\/?p=34546"},"modified":"2021-05-08T17:33:04","modified_gmt":"2021-05-08T20:33:04","slug":"cultura-solidaria-en-formosa-667-trabajadores-culturales-alcanzados-con-el-subsidio-nacional","status":"publish","type":"post","link":"https:\/\/24formosa.com.ar\/?p=34546","title":{"rendered":"Cultura Solidaria: En Formosa, 667 trabajadores culturales alcanzados con el subsidio nacional"},"content":{"rendered":"\n<p><em>Es otro programa federal creado para acompa\u00f1ar al sector frente a la situaci\u00f3n de la pandemia. Son dos cuotas de $ 15.000 y la primera ya fue abonada.<\/em><\/p>\n\n\n\n<p>Un total de 667 trabajadores y trabajadoras culturales en la provincia de Formosa resultaron beneficiados con el Programa Cultura Solidaria del Ministerio de Cultura de la Naci\u00f3n junto a la Administraci\u00f3n Nacional de la Seguridad Social (ANSeS), lo que representa un monto de inversi\u00f3n de $20.010.000.<\/p>\n\n\n\n<p>Esta pol\u00edtica p\u00fablica, federal e inclusiva establecida por el presidente Alberto Fern\u00e1ndez, y acordada con la totalidad de gobernadores, consiste en un subsidio no reembolsable para personas f\u00edsicas del \u00e1mbito de la cultura, a fin de morigerar la situaci\u00f3n de vulnerabilidad social frente a la pandemia del COVID-19, para de esa manera profundizar el acompa\u00f1amiento al sector.<\/p>\n\n\n\n<p>La misma prev\u00e9 abonar dos cuotas de $15.000 cada una; donde a partir del 4 de mayo ya percibieron la primera cuota, y la pr\u00f3xima ser\u00e1 en el mes de junio, cubriendo a todos los sectores de las Industrias Culturales y Creativas.<\/p>\n\n\n\n<p>Cabe remarcar que este nuevo programa de asistencia, se suma a otros implementados durante el 2020, como fueron Sostener Cultura 1, Fondos Desarrollar 1, &nbsp;Instituto Nacional de la M\u00fasica (Inamu), M\u00fasica Escencial, el Plan Podest\u00e1 del Instituto Nacional del Teatro, Sostener Cultura 2.<\/p>\n\n\n\n<p>Tambi\u00e9n a ello se suma la entrega de cerca de 3.000 Credenciales a trabajadores y trabajadoras culturales, con beneficios de descuento en m\u00e1s de 50 comercios adheridos de distintos rubros, entre ellos, el 40% de descuento en 11 farmacias de la ciudad capital y el interior, y la cobertura m\u00e9dica para estos trabajadores.<\/p>\n\n\n\n<p><strong>Distribuci\u00f3n en la provincia<\/strong><\/p>\n\n\n\n<p>Por otro lado, tambi\u00e9n suministraron a la Agencia de Noticias Formosa (AGENFOR) desde la subsecretar\u00eda de Cultura dependiente del Ministerio de Cultura y Educaci\u00f3n de la provincia, los datos referidos a los 667 beneficiarios alcanzados con la asistencia de Cultura Solidaria.<\/p>\n\n\n\n<p>Lo primero que la misma abarca a los diversos sectores que integran las Industrias Culturales y Creativas en la provincia, siendo 316 artesanas y artesanos, 149 del sector m\u00fasica, 85 del sector artes esc\u00e9nicas, 36 de artes visuales, 26 del sector audiovisual, 8 del sector dise\u00f1o, 6 del sector gastronom\u00eda, 2 del sector editorial, 21 gestores\/as culturales, 10 comunicadores y comunicadoras, 3 de artes multimedias y electr\u00f3nica, 3 de expresi\u00f3n de carnaval, 1 de patrimonio y 1 de otro rubro.&nbsp;<\/p>\n\n\n\n<p>En cuanto a su distribuci\u00f3n geogr\u00e1fica, detallaron por Departamentos. De Bermejo, de La Rinconada, 23; Laguna Yema, 2; Pozo de Maza, 19; Vaca Perdida, 50.<\/p>\n\n\n\n<p>De Formosa, son 252 de la ciudad capital; Gran Guardia, 1; Moj\u00f3n de Fierro, 1, San Hilario, 1). Laish\u00ed (San Francisco de Laish\u00ed, 1; Tatan\u00e9, 2; Villa Escolar, 1.<\/p>\n\n\n\n<p>De Matacos, son 103 de Ingeniero Ju\u00e1rez. De Pati\u00f1o, cinco son de Comandante Fontana; Estanislao del Campo, 1; Ibarreta, 6; Las Lomitas, 44; Posta Cambio Zalazar, 1; Pozo del Tigre, 15; San Mart\u00edn II; 10; Subteniente Per\u00edn, 1; Villa General G\u00fcemes, 56; General Manuel Belgrano, 16.<\/p>\n\n\n\n<p>Del Departamento Pilag\u00e1s, uno de El Espinillo; Misi\u00f3n Tacaagl\u00e9, 2). De Pilcomayo, son 10 de Clorinda; Laguna Blanca, 6; Laguna Naineck, 3; Puerto Pilcomayo, 1; Riacho He-H\u00e9, 4.<\/p>\n\n\n\n<p>De Piran\u00e9, son 15 de El Colorado; Piran\u00e9, 6; y finalmente, de Ram\u00f3n Lista, El Potrillo, 6 y General Mosconi, 2.<\/p>\n","protected":false},"excerpt":{"rendered":"<p>Es otro programa federal creado para acompa\u00f1ar al sector frente a la situaci\u00f3n de la<\/p>\n","protected":false},"author":8,"featured_media":34547,"comment_status":"open","ping_status":"open","sticky":false,"template":"","format":"standard","meta":{"footnotes":""},"categories":[1],"tags":[],"class_list":["post-34546","post","type-post","status-publish","format-standard","has-post-thumbnail","hentry","category-noticias"],"_links":{"self":[{"href":"https:\/\/24formosa.com.ar\/index.php?rest_route=\/wp\/v2\/posts\/34546","targetHints":{"allow":["GET"]}}],"collection":[{"href":"https:\/\/24formosa.com.ar\/index.php?rest_route=\/wp\/v2\/posts"}],"about":[{"href":"https:\/\/24formosa.com.ar\/index.php?rest_route=\/wp\/v2\/types\/post"}],"author":[{"embeddable":true,"href":"https:\/\/24formosa.com.ar\/index.php?rest_route=\/wp\/v2\/users\/8"}],"replies":[{"embeddable":true,"href":"https:\/\/24formosa.com.ar\/index.php?rest_route=%2Fwp%2Fv2%2Fcomments&post=34546"}],"version-history":[{"count":1,"href":"https:\/\/24formosa.com.ar\/index.php?rest_route=\/wp\/v2\/posts\/34546\/revisions"}],"predecessor-version":[{"id":34548,"href":"https:\/\/24formosa.com.ar\/index.php?rest_route=\/wp\/v2\/posts\/34546\/revisions\/34548"}],"wp:featuredmedia":[{"embeddable":true,"href":"https:\/\/24formosa.com.ar\/index.php?rest_route=\/wp\/v2\/media\/34547"}],"wp:attachment":[{"href":"https:\/\/24formosa.com.ar\/index.php?rest_route=%2Fwp%2Fv2%2Fmedia&parent=34546"}],"wp:term":[{"taxonomy":"category","embeddable":true,"href":"https:\/\/24formosa.com.ar\/index.php?rest_route=%2Fwp%2Fv2%2Fcategories&post=34546"},{"taxonomy":"post_tag","embeddable":true,"href":"https:\/\/24formosa.com.ar\/index.php?rest_route=%2Fwp%2Fv2%2Ftags&post=34546"}],"curies":[{"name":"wp","href":"https:\/\/api.w.org\/{rel}","templated":true}]}}