{"id":34540,"date":"2021-05-08T17:28:46","date_gmt":"2021-05-08T20:28:46","guid":{"rendered":"https:\/\/24formosa.com.ar\/?p=34540"},"modified":"2023-01-16T11:38:11","modified_gmt":"2023-01-16T14:38:11","slug":"gomez-los-numeros-de-testeos-que-se-realizan-en-la-provincia-son-superiores-al-resto-del-pais","status":"publish","type":"post","link":"https:\/\/24formosa.com.ar\/?p=34540","title":{"rendered":"G\u00f3mez: \u201cLos n\u00fameros de testeos que se realizan en la provincia son superiores al resto del pa\u00eds\u201d"},"content":{"rendered":"\n<p><em>El ministro de la Comunidad a cargo del Ministerio de Desarrollo Humano, el doctor An\u00edbal G\u00f3mez, inform\u00f3 acerca de la situaci\u00f3n epidemiol\u00f3gica de la provincia y puso en resalto que Formosa realiza el n\u00famero de testeos m\u00e1s alto del pa\u00eds.<\/em><\/p>\n\n\n\n<p>En declaraciones recogidas por&nbsp;<strong>AGENFOR,&nbsp;<\/strong>el doctor G\u00f3mez indic\u00f3 que, hasta el momento, se registraron 191 fallecimientos por coronavirus siendo el promedio de muerte de 29,8% por cada 100 mil habitantes. Mientras que en el pa\u00eds un total de 66.872 personas perdieron la vida, lo que hace a un promedio de147,4% por cada 100 mil habitantes.<\/p>\n\n\n\n<p>En cuanto a los hisopados llevados a cabo en todo el territorio, en el marco de la vigilancia epidemiol\u00f3gica y la b\u00fasqueda activa de casos de coronavirus, se\u00f1al\u00f3 que en las \u00faltimas 24 horas se realizaron 4.925 testeos.<\/p>\n\n\n\n<p>\u201cCon esta cifra el total de test realizados asciende a 432.314 con un 2,93% de positividad\u201d, indic\u00f3.<\/p>\n\n\n\n<p>En contexto, destac\u00f3: \u201cLos n\u00fameros de testeos que se realizan en la provincia los estamos mostrando diariamente y son, sin duda, superiores al resto del pa\u00eds\u201d.<\/p>\n\n\n\n<p>Puso en resalto que esta situaci\u00f3n de testeos permite que se obtenga la detecci\u00f3n temprana de personas con COVID-19 positivo. \u201cMediante ello podemos brindarles a los pacientes un tratamiento oportuno, a diferencia de lo que sucede en otras provincias en donde van a su hogar sin ning\u00fan tipo de control m\u00e9dico y as\u00ed contin\u00faa la cadena de contagio y las complicaciones de la enfermedad\u201d, asever\u00f3.<\/p>\n\n\n\n<p>Siguiendo la misma l\u00ednea, puntualiz\u00f3 que para evitar estas situaciones en la provincia se encuentran en funcionamiento los Centros de Atenci\u00f3n Sanitaria (CAS) y los hospitales, ambos destinados para personas que cuentan con la infecci\u00f3n.<\/p>\n\n\n\n<p>Declar\u00f3 que de esta manera se logran dos objetivos: el primero es cortar la cadena de contagio intrafamiliar y de los contactos estrechos, mientras que el segundo el seguimiento m\u00e9dico.<\/p>\n\n\n\n<p>\u201cLos pacientes que por m\u00e1s que no tengan s\u00edntomas son estudiados en estos CAS a trav\u00e9s de radiograf\u00edas y an\u00e1lisis cl\u00ednicos. Al tener esto, podemos determinar si (en caso que lo requieran) podr\u00e1n recibir el suero h\u00edperinmune equino, que es de alta eficacia para evitar la mortalidad y el uso de la terapia intensiva\u201d, inform\u00f3.<\/p>\n\n\n\n<p><strong>Vacunaci\u00f3n<\/strong><\/p>\n\n\n\n<p>\u201cSi bien es cierto que actualmente Formosa Capital es la ciudad m\u00e1s afectada con casos de coronavirus, el interior provincial tambi\u00e9n est\u00e1 siendo afectado\u201d, declar\u00f3 G\u00f3mez y agreg\u00f3 que tambi\u00e9n hay que \u201cproteger a los comprovincianos de esos lugares m\u00e1s alejados y fundamentalmente a nuestros adultos mayores\u201d.<\/p>\n\n\n\n<p>Adem\u00e1s, record\u00f3 que en la semana entrante se avanzar\u00e1 con la vacunaci\u00f3n en otras localidades del interior, manifestando que estos operativos se encuadran dentro del concepto de \u00abequidad territorial\u00bb y de \u00abprotecci\u00f3n a nuestros adultos mayores\u00bb.<\/p>\n\n\n\n<p>Y record\u00f3 que las personas de las clases 1960 y anteriores residentes en capital que por alg\u00fan motivo no hayan sido inmunizadas pueden acercarse al pr\u00f3ximo operativo para recibir la dosis. \u00abEs una pr\u00e1ctica que la aplicamos desde el primer d\u00eda porque hay personas que por uno u otro motivo no pudieron recibirla\u00bb, expres\u00f3 G\u00f3mez.<\/p>\n\n\n\n<figure class=\"wp-block-image\"><a href=\"https:\/\/agenfor.com.ar\/wp-content\/uploads\/2021\/05\/Vacunacion-3..jpeg\"><img decoding=\"async\" src=\"https:\/\/agenfor.com.ar\/wp-content\/uploads\/2021\/05\/Vacunacion-3.-682x1024.jpeg\" alt=\"\" class=\"wp-image-99145\"\/><\/a><\/figure>\n\n\n\n<p><strong>SIPEC<\/strong><\/p>\n\n\n\n<p>\u201cDesde este viernes 7 se puso en funcionamiento la nueva base de operaciones del SIPEC en las mismas instalaciones de la Jefatura de la Polic\u00eda de Formosa, para continuar trabajando en forma coordinada entre el 107 y el 911\u201d, declar\u00f3 el funcionario.<\/p>\n\n\n\n<p>Y aclar\u00f3 que esta tarea en conjunto ya se viene llevando a cabo, pero que con esta nueva estrategia se busca \u201cdar respuestas m\u00e1s r\u00e1pidas a los requerimientos que las personas realicen al 911 solicitando la intervenci\u00f3n del personal de salud\u201d.<\/p>\n\n\n\n<p>Siguiendo la misma l\u00ednea, inform\u00f3 que funciona las 24 horas de todos los d\u00edas y que cuentan con seis l\u00edneas rotativas, con un despachante y un supervisor. Adem\u00e1s, comunic\u00f3 que todas las llamadas quedan grabadas y se transfieren al despachante quien, a trav\u00e9s de un monitor, realiza el seguimiento de las ambulancias.<\/p>\n\n\n\n<p>\u201cCon el sistema de localizaci\u00f3n vehicular automatizada (AVL) de georreferenciaci\u00f3n de los m\u00f3viles, puede saber (el despachante) en tiempo real la ubicaci\u00f3n de cada uno de ellos, en base a lo cual puede solicitar su presencia en el lugar donde sea requerido\u201d, explic\u00f3 G\u00f3mez.<\/p>\n\n\n\n<p>Destac\u00f3 que el equipo de salud de esta nueva base operacional, fue \u201coportunamente capacitado para brindar las respuestas necesarias lo m\u00e1s r\u00e1pido posible\u201d.<\/p>\n\n\n\n<figure class=\"wp-block-image\"><a href=\"https:\/\/agenfor.com.ar\/wp-content\/uploads\/2021\/05\/SIPEC-central.jpg\"><img decoding=\"async\" src=\"https:\/\/agenfor.com.ar\/wp-content\/uploads\/2021\/05\/SIPEC-central-1024x682.jpg\" alt=\"\" class=\"wp-image-99017\"\/><\/a><\/figure>\n\n\n\n<p><strong>OMS<\/strong><\/p>\n\n\n\n<p>Por otra parte, el encargado de la cartera de salud inform\u00f3 que el viernes 7 de mayo, la Organizaci\u00f3n Mundial de la Salud (OMS), aprob\u00f3 la homologaci\u00f3n de urgencia para la aplicaci\u00f3n, a los mayores de 18 a\u00f1os, de la vacuna anticovid china \u201cSinopharm\u201d (que ya se administra en el pa\u00eds), por cumplir con los criterios de seguridad y eficacia.<\/p>\n\n\n\n<p>\u201cEsta vacuna requiere de dos dosis y tiene 79% de eficacia en la prevenci\u00f3n de casos severos de COVID-19\u201d, asegur\u00f3.<\/p>\n\n\n\n<p>Continu\u00f3: \u201cEs el primer inyectable anticovid cuyo frasco contiene una etiqueta que cambia de color si ha sido expuesto al calor. Eso permite al personal sanitario saber si la vacuna puede ser utilizada de forma segura\u201d, acot\u00f3.<\/p>\n\n\n\n<figure class=\"wp-block-image\"><a href=\"https:\/\/agenfor.com.ar\/wp-content\/uploads\/2021\/04\/Sinopharm-llegara-de-China.png\"><img decoding=\"async\" src=\"https:\/\/agenfor.com.ar\/wp-content\/uploads\/2021\/04\/Sinopharm-llegara-de-China.png\" alt=\"\" class=\"wp-image-97939\"\/><\/a><\/figure>\n\n\n\n<p><strong>Patente de vacunas<\/strong><\/p>\n\n\n\n<p>\u201cPor otro lado, la OMS y varios pa\u00edses, apoyan la liberaci\u00f3n de patentes de vacunas para combatir la pandemia, lo cual permitir\u00eda la llegada de dosis a los pa\u00edses m\u00e1s pobres, ya que, seg\u00fan la OMS, de los 700 millones de vacunas administradas en el mundo, s\u00f3lo el 0,2% se han destinado a pa\u00edses de bajos ingresos\u201d, ampli\u00f3.<\/p>\n\n\n\n<p>En referencia, aclar\u00f3 que algunos pa\u00edses y farmac\u00e9uticas se oponen a la iniciativa argumentando que esto no \u201cproporcionar\u00e1 las soluciones para combatir esta crisis sanitaria mundial\u201d.<\/p>\n\n\n\n<p>\u201cLo cierto es que la OMS y la ONU respaldan esta iniciativa de liberar las patentes, cuyo acuerdo puede tomar meses y requiere que las decisiones se tomen por consenso\u201d, refiri\u00f3 G\u00f3mez.<\/p>\n\n\n\n<figure class=\"wp-block-image\"><a href=\"https:\/\/agenfor.com.ar\/wp-content\/uploads\/2021\/05\/Vac2-1.jpeg\"><img decoding=\"async\" src=\"https:\/\/agenfor.com.ar\/wp-content\/uploads\/2021\/05\/Vac2-1-1024x682.jpeg\" alt=\"\" class=\"wp-image-99147\"\/><\/a><\/figure>\n\n\n\n<p><strong>Tarjeta alimentar<\/strong><\/p>\n\n\n\n<p>En relaci\u00f3n a lo dispuesto por el Gobierno Nacional sobre la \u201cTarjeta Alimentar\u201d, ampliando este beneficio a ni\u00f1as y ni\u00f1os de hasta 14 a\u00f1os inclusive, G\u00f3mez detall\u00f3 que los hogares que tengan un hijo, percibir\u00e1n 6 mil pesos, mientras que aquellos que tengan dos, recibir\u00e1n 9 mil pesos y 12 mil los que tienen 3 hijos o m\u00e1s.<\/p>\n\n\n\n<p>\u201cAdem\u00e1s, se extiende el beneficio de 12 mil pesos mensuales a madres con 7 o m\u00e1s hijos que actualmente reciben una pensi\u00f3n no contributiva\u201d, agreg\u00f3.<\/p>\n\n\n\n<p>Otro dato importante que aport\u00f3 es en relaci\u00f3n a la entrega de las tarjetas f\u00edsicas a las nuevas familias que ingresaron al padr\u00f3n alimentario para el mes de mayo.<\/p>\n\n\n\n<p>\u201cDebido a la pandemia no habr\u00e1 operativos de entrega de estos pl\u00e1sticos. Por lo tanto, informamos a los nuevos titulares que cobrar\u00e1n el equivalente del monto, de manera excepcional, en sus cuentas de la Asignaci\u00f3n Universal por Hijo (AUH)\u201d, argument\u00f3.<\/p>\n\n\n\n<p>\u201cANSES todav\u00eda no inform\u00f3 c\u00f3mo ser\u00e1 el cronograma de acreditaci\u00f3n, pero oportunamente se comunicar\u00e1 cu\u00e1ndo cobrar\u00e1n el beneficio\u201d, ampli\u00f3.<\/p>\n\n\n\n<p>Para finalizar, aclar\u00f3 que las personas que ya est\u00e1n dentro del sistema de cobros y tienen el pl\u00e1stico van a percibir el cobro el 21 de mayo.<\/p>\n\n\n\n<p>\u201cSeguramente, en el transcurso de estos d\u00edas, con m\u00e1s detalles de los anuncios de este viernes, vamos a tener mayor claridad en cuanto a la implementaci\u00f3n de esta nueva poblaci\u00f3n que se suma, de ni\u00f1os\/as y adolescentes hasta 14 a\u00f1os\u201d, cerr\u00f3.<\/p>\n\n\n\n<figure class=\"wp-block-image\"><a href=\"https:\/\/agenfor.com.ar\/wp-content\/uploads\/2020\/11\/59408-anses-recargo-la-tarjeta-alimentar-como-consultar-su-saldo.jpg\"><img decoding=\"async\" src=\"https:\/\/agenfor.com.ar\/wp-content\/uploads\/2020\/11\/59408-anses-recargo-la-tarjeta-alimentar-como-consultar-su-saldo-1024x575.jpg\" alt=\"\" class=\"wp-image-87861\"\/><\/a><\/figure>\n","protected":false},"excerpt":{"rendered":"<p>El ministro de la Comunidad a cargo del Ministerio de Desarrollo Humano, el doctor An\u00edbal<\/p>\n","protected":false},"author":8,"featured_media":34541,"comment_status":"open","ping_status":"open","sticky":false,"template":"","format":"standard","meta":{"footnotes":""},"categories":[1],"tags":[],"class_list":["post-34540","post","type-post","status-publish","format-standard","has-post-thumbnail","hentry","category-noticias"],"_links":{"self":[{"href":"https:\/\/24formosa.com.ar\/index.php?rest_route=\/wp\/v2\/posts\/34540","targetHints":{"allow":["GET"]}}],"collection":[{"href":"https:\/\/24formosa.com.ar\/index.php?rest_route=\/wp\/v2\/posts"}],"about":[{"href":"https:\/\/24formosa.com.ar\/index.php?rest_route=\/wp\/v2\/types\/post"}],"author":[{"embeddable":true,"href":"https:\/\/24formosa.com.ar\/index.php?rest_route=\/wp\/v2\/users\/8"}],"replies":[{"embeddable":true,"href":"https:\/\/24formosa.com.ar\/index.php?rest_route=%2Fwp%2Fv2%2Fcomments&post=34540"}],"version-history":[{"count":1,"href":"https:\/\/24formosa.com.ar\/index.php?rest_route=\/wp\/v2\/posts\/34540\/revisions"}],"predecessor-version":[{"id":34542,"href":"https:\/\/24formosa.com.ar\/index.php?rest_route=\/wp\/v2\/posts\/34540\/revisions\/34542"}],"wp:featuredmedia":[{"embeddable":true,"href":"https:\/\/24formosa.com.ar\/index.php?rest_route=\/wp\/v2\/media\/34541"}],"wp:attachment":[{"href":"https:\/\/24formosa.com.ar\/index.php?rest_route=%2Fwp%2Fv2%2Fmedia&parent=34540"}],"wp:term":[{"taxonomy":"category","embeddable":true,"href":"https:\/\/24formosa.com.ar\/index.php?rest_route=%2Fwp%2Fv2%2Fcategories&post=34540"},{"taxonomy":"post_tag","embeddable":true,"href":"https:\/\/24formosa.com.ar\/index.php?rest_route=%2Fwp%2Fv2%2Ftags&post=34540"}],"curies":[{"name":"wp","href":"https:\/\/api.w.org\/{rel}","templated":true}]}}