{"id":34537,"date":"2021-05-08T17:26:37","date_gmt":"2021-05-08T20:26:37","guid":{"rendered":"https:\/\/24formosa.com.ar\/?p=34537"},"modified":"2021-05-08T17:26:37","modified_gmt":"2021-05-08T20:26:37","slug":"ibanez-profundizo-sobre-la-cobertura-de-las-medidas-economicas-provinciales","status":"publish","type":"post","link":"https:\/\/24formosa.com.ar\/?p=34537","title":{"rendered":"Ib\u00e1\u00f1ez profundiz\u00f3 sobre la cobertura de las medidas econ\u00f3micas provinciales"},"content":{"rendered":"\n<p><em>El ministro de Econom\u00eda, Hacienda y Finanzas de la provincia, el doctor Jorge Ib\u00e1\u00f1ez, profundiz\u00f3 sobre paquete de medidas econ\u00f3micas y sociales anunciadas por el gobernador Gildo Insfr\u00e1n para mitigar las consecuencias que acarrean en la provincia las restricciones sanitarias actuales por la pandemia de coronavirus. &nbsp;<\/em><\/p>\n\n\n\n<p>Al participar este s\u00e1bado 8 de la conferencia del Consejo de Atenci\u00f3n Integral de la Emergencia COVID-19 \u201cDr. Enrique Servi\u00e1n\u201d, el titular de Econom\u00eda se refiri\u00f3 en primer lugar a los convenios firmados este viernes 7 entre el Gobierno y las empresas provinciales prestadoras de servicios p\u00fablicos, REFSA Electricidad y Aguas de Formosa. &nbsp;<\/p>\n\n\n\n<p>En declaraciones que recogi\u00f3&nbsp;<strong>AGENFOR,<\/strong>&nbsp;explic\u00f3 que el acuerdo suscripto con la distribuidora el\u00e9ctrica REFSA, consist\u00eda en subsidiar el 100% de las facturas de dicho servicio con vencimientos en el mes de mayo del corriente. \u201cAlcanza a un total de 7.921 peque\u00f1os y medianos comerciantes residentes en esas dos ciudades donde rige el ASPO\u201d, precis\u00f3.<\/p>\n\n\n\n<p>Tras aclarar que este subsidio corresponde al segmento de comerciantes con un consumo bimestral de energ\u00eda el\u00e9ctrica menor o igual a 5 mil kw\/h, confirm\u00f3 adem\u00e1s que llega al 92% del padr\u00f3n que tiene la distribuidora el\u00e9ctrica.<\/p>\n\n\n\n<p>Sobre el convenio con Aguas de Formosa, que tambi\u00e9n tiene como finalidad subsidiar el 100% del costo de las facturas con vencimientos en mayo, indic\u00f3 que se ver\u00e1n beneficiados con la medida 5.083 clientes no residenciales de clase 10 de la ciudad de Formosa y 783 de Clorinda.<\/p>\n\n\n\n<p>Otra de las medidas que contempla el Programa de Asistencia Financiera Extraordinaria a la Econom\u00eda Local, creado por el Gobierno de Formosa, es la L\u00ednea de Asistencia Financiera de Emergencia COVID-19, a trav\u00e9s de la cual se destinar\u00e1 $250 millones en cr\u00e9ditos para las PyMes formose\u00f1as con una tasa fija subsidiada del 25%.<\/p>\n\n\n\n<p>Sobre ello, comunic\u00f3 que \u201cya se encuentran disponibles las consultas con el Banco de Formosa\u201d, remarcando que los interesados \u201clo pueden hacer a trav\u00e9s de los medios digitales, sin tener que salir de sus casas\u201d.&nbsp;<\/p>\n\n\n\n<p>Aport\u00f3 tambi\u00e9n que en el caso de los tr\u00e1mites por el subsidio complementario de emergencia al trabajo, pueden consultar las personas a trav\u00e9s de cualquiera de las redes sociales y la p\u00e1gina del Ministerio de Econom\u00eda, Hacienda y Finanzas, o al n\u00famero telef\u00f3nico (3704) 436695.<\/p>\n\n\n\n<p><strong>Cooperativas<\/strong><\/p>\n\n\n\n<p>En lo respecta al subsidio a los cooperativistas, dijo que la inscripci\u00f3n a la misma tambi\u00e9n se encuentra abierta, pudiendo obtener informaci\u00f3n a trav\u00e9s de las mismas redes sociales y la p\u00e1gina de la Subsecretar\u00eda de Econom\u00eda Social o de Econom\u00eda o al n\u00famero telef\u00f3nico (3704) 430293.<\/p>\n\n\n\n<p>En este punto, aclar\u00f3 que esta medida \u201ces para todas aquellas cooperativas, que con motivo de las medidas sanitarias adoptadas, sus asociados no est\u00e9n trabajando\u201d.<\/p>\n\n\n\n<p><strong>Rentas<\/strong><\/p>\n\n\n\n<p>En otro orden, al referirse a la ratificaci\u00f3n que llev\u00f3 adelante la Legislatura Provincial sobre las medidas econ\u00f3micas anunciadas por el Gobernador, el ministro Ib\u00e1\u00f1ez confirm\u00f3 que quedaron aprobadas en la \u00faltima sesi\u00f3n mixta del viernes 7 las medidas relacionadas con los tributos provinciales.<\/p>\n\n\n\n<p>En ese sentido, record\u00f3 que justamente \u201ces facultad del Poder Legislativo la de establecer los impuestos y tributos, o hacer modificaciones sobre los mismos\u201d.<\/p>\n\n\n\n<p>De esa forma, desde este lunes 10 la Direcci\u00f3n General de Rentas de la provincia \u201cya podr\u00e1 ir reglamentando las medidas a otorgar al comercio y tambi\u00e9n a monotributistas de la provincia\u201d, anticip\u00f3 el funcionario.<\/p>\n\n\n\n<p>Para finalizar, coment\u00f3 a esta Agencia que recientemente desde el Ministerio de Desarrollo Productivo de la Naci\u00f3n, que tiene como titular a Mat\u00edas Kulfas, se lanz\u00f3 un paquete de medidas de emergencia COVID-19, cuyos requisitos de acceso se ir\u00e1n informando en los d\u00edas sucesivos.<\/p>\n\n\n\n<p>\u201cEste paquete econ\u00f3mico nacional tiene como fin mitigar las consecuencias no deseadas de las medidas sanitarias, es decir, acompa\u00f1ar al momento que estamos viviendo, tal como lo est\u00e1 haciendo la provincia\u201d, concluy\u00f3.<\/p>\n","protected":false},"excerpt":{"rendered":"<p>El ministro de Econom\u00eda, Hacienda y Finanzas de la provincia, el doctor Jorge Ib\u00e1\u00f1ez, profundiz\u00f3<\/p>\n","protected":false},"author":8,"featured_media":34538,"comment_status":"open","ping_status":"open","sticky":false,"template":"","format":"standard","meta":{"footnotes":""},"categories":[1],"tags":[],"class_list":["post-34537","post","type-post","status-publish","format-standard","has-post-thumbnail","hentry","category-noticias"],"_links":{"self":[{"href":"https:\/\/24formosa.com.ar\/index.php?rest_route=\/wp\/v2\/posts\/34537","targetHints":{"allow":["GET"]}}],"collection":[{"href":"https:\/\/24formosa.com.ar\/index.php?rest_route=\/wp\/v2\/posts"}],"about":[{"href":"https:\/\/24formosa.com.ar\/index.php?rest_route=\/wp\/v2\/types\/post"}],"author":[{"embeddable":true,"href":"https:\/\/24formosa.com.ar\/index.php?rest_route=\/wp\/v2\/users\/8"}],"replies":[{"embeddable":true,"href":"https:\/\/24formosa.com.ar\/index.php?rest_route=%2Fwp%2Fv2%2Fcomments&post=34537"}],"version-history":[{"count":1,"href":"https:\/\/24formosa.com.ar\/index.php?rest_route=\/wp\/v2\/posts\/34537\/revisions"}],"predecessor-version":[{"id":34539,"href":"https:\/\/24formosa.com.ar\/index.php?rest_route=\/wp\/v2\/posts\/34537\/revisions\/34539"}],"wp:featuredmedia":[{"embeddable":true,"href":"https:\/\/24formosa.com.ar\/index.php?rest_route=\/wp\/v2\/media\/34538"}],"wp:attachment":[{"href":"https:\/\/24formosa.com.ar\/index.php?rest_route=%2Fwp%2Fv2%2Fmedia&parent=34537"}],"wp:term":[{"taxonomy":"category","embeddable":true,"href":"https:\/\/24formosa.com.ar\/index.php?rest_route=%2Fwp%2Fv2%2Fcategories&post=34537"},{"taxonomy":"post_tag","embeddable":true,"href":"https:\/\/24formosa.com.ar\/index.php?rest_route=%2Fwp%2Fv2%2Ftags&post=34537"}],"curies":[{"name":"wp","href":"https:\/\/api.w.org\/{rel}","templated":true}]}}