{"id":34530,"date":"2021-05-08T12:32:15","date_gmt":"2021-05-08T15:32:15","guid":{"rendered":"https:\/\/24formosa.com.ar\/?p=34530"},"modified":"2021-05-08T12:32:16","modified_gmt":"2021-05-08T15:32:16","slug":"tres-dias-de-vacunacion-en-el-interior-provincial","status":"publish","type":"post","link":"https:\/\/24formosa.com.ar\/?p=34530","title":{"rendered":"Tres d\u00edas de vacunaci\u00f3n en el interior provincial"},"content":{"rendered":"\n<p><em>En el marco del Plan Provincial de Vacunaci\u00f3n contra el coronavirus, el gobernador Insfr\u00e1n anunci\u00f3 que los d\u00edas mi\u00e9rcoles 12, jueves 13 y viernes 14, se seguir\u00e1 avanzando con los operativos de inoculaci<\/em>\u00f3n&nbsp;<em>en el interior provincial.<\/em><\/p>\n\n\n\n<p>\u201cContinuamos con la campa\u00f1a de vacunaci\u00f3n contra el COVID-19 con criterios epidemiol\u00f3gicos, priorizando los lugares de mayor incidencia de la enfermedad y a las personas m\u00e1s vulnerables de nuestra comunidad\u201d, expres\u00f3 en sus redes sociales el primer mandatario provincial.<\/p>\n\n\n\n<p>Es as\u00ed que en esta oportunidad estar\u00e1n recibiendo la primera dosis de inmunizaci\u00f3n los adultos mayores de las clases 1960 y anteriores de las localidades, colonias y comunidades de los Departamentos Bermejo, Matacos y Ram\u00f3n Lista.<\/p>\n\n\n\n<p>De acuerdo a lo manifestado por el titular del Ejecutivo Provincial, los horarios y establecimientos en los que se realizar\u00e1 cada jornada de vacunaci\u00f3n ser\u00e1n informados oportunamente.&nbsp;<\/p>\n\n\n\n<p>Es importante recordar que las personas deben acudir a las instituciones con DNI y el barbijo correctamente colocado.<\/p>\n\n\n\n<figure class=\"wp-block-image\"><a href=\"https:\/\/agenfor.com.ar\/wp-content\/uploads\/2021\/05\/Vacunacion-2.jpg\"><img decoding=\"async\" src=\"https:\/\/agenfor.com.ar\/wp-content\/uploads\/2021\/05\/Vacunacion-2.jpg\" alt=\"\" class=\"wp-image-99103\"\/><\/a><\/figure>\n","protected":false},"excerpt":{"rendered":"<p>En el marco del Plan Provincial de Vacunaci\u00f3n contra el coronavirus, el gobernador Insfr\u00e1n anunci\u00f3<\/p>\n","protected":false},"author":8,"featured_media":34531,"comment_status":"open","ping_status":"open","sticky":false,"template":"","format":"standard","meta":{"footnotes":""},"categories":[1],"tags":[],"class_list":["post-34530","post","type-post","status-publish","format-standard","has-post-thumbnail","hentry","category-noticias"],"_links":{"self":[{"href":"https:\/\/24formosa.com.ar\/index.php?rest_route=\/wp\/v2\/posts\/34530","targetHints":{"allow":["GET"]}}],"collection":[{"href":"https:\/\/24formosa.com.ar\/index.php?rest_route=\/wp\/v2\/posts"}],"about":[{"href":"https:\/\/24formosa.com.ar\/index.php?rest_route=\/wp\/v2\/types\/post"}],"author":[{"embeddable":true,"href":"https:\/\/24formosa.com.ar\/index.php?rest_route=\/wp\/v2\/users\/8"}],"replies":[{"embeddable":true,"href":"https:\/\/24formosa.com.ar\/index.php?rest_route=%2Fwp%2Fv2%2Fcomments&post=34530"}],"version-history":[{"count":1,"href":"https:\/\/24formosa.com.ar\/index.php?rest_route=\/wp\/v2\/posts\/34530\/revisions"}],"predecessor-version":[{"id":34532,"href":"https:\/\/24formosa.com.ar\/index.php?rest_route=\/wp\/v2\/posts\/34530\/revisions\/34532"}],"wp:featuredmedia":[{"embeddable":true,"href":"https:\/\/24formosa.com.ar\/index.php?rest_route=\/wp\/v2\/media\/34531"}],"wp:attachment":[{"href":"https:\/\/24formosa.com.ar\/index.php?rest_route=%2Fwp%2Fv2%2Fmedia&parent=34530"}],"wp:term":[{"taxonomy":"category","embeddable":true,"href":"https:\/\/24formosa.com.ar\/index.php?rest_route=%2Fwp%2Fv2%2Fcategories&post=34530"},{"taxonomy":"post_tag","embeddable":true,"href":"https:\/\/24formosa.com.ar\/index.php?rest_route=%2Fwp%2Fv2%2Ftags&post=34530"}],"curies":[{"name":"wp","href":"https:\/\/api.w.org\/{rel}","templated":true}]}}