{"id":34522,"date":"2021-05-08T11:07:19","date_gmt":"2021-05-08T14:07:19","guid":{"rendered":"https:\/\/24formosa.com.ar\/?p=34522"},"modified":"2023-01-16T12:11:04","modified_gmt":"2023-01-16T15:11:04","slug":"india-reporto-un-record-de-mas-de-4-000-muertos-por-coronavirus-en-24-horas","status":"publish","type":"post","link":"https:\/\/24formosa.com.ar\/?p=34522","title":{"rendered":"India report\u00f3 un r\u00e9cord de m\u00e1s de 4.000 muertos por coronavirus en 24 horas"},"content":{"rendered":"\n<p><strong><em>En la \u00faltima jornada se detectaron 4.187 muertes por la enfermedad, con lo que el total de fallecimientos supera los 238.000 desde el inicio de la pandemia.<\/em><\/strong><\/p>\n\n\n\n<p>India es el segundo pa\u00eds del mundo m\u00e1s afectado<br>India super\u00f3 los 4.000 muertos diarios por coronavirus en la \u00faltima jornada, lo que supone un nuevo r\u00e9cord para el pa\u00eds que atraviesa esta ola de contagios con cuatro veces m\u00e1s casos que la primera y que puso en alerta a Unicef ante el alto n\u00famero de ni\u00f1os hu\u00e9rfanos vulnerables a la trata y el abuso.<\/p>\n\n\n\n<p>El Ministerio de Salud inform\u00f3 que en la \u00faltima jornada se detectaron 4.187 muertes por la enfermedad, con lo que el total de fallecimientos supera los 238.000 desde el inicio de la pandemia.<\/p>\n\n\n\n<p>El n\u00famero de contagios, en tanto, fue de 401.078 en las \u00faltimas 24 horas, lo que lleva el total de casos acumulados a los casi 21,9 millones.<\/p>\n\n\n\n<p>Frente a la grave situaci\u00f3n, el primer ministro del estado sure\u00f1o de Tamil Nadu, MK. Stalin, anunci\u00f3 una cuarentena total para las pr\u00f3ximas dos semanas debido a \u00abrazones inevitables\u00bb, inform\u00f3 Europa Press.<\/p>\n\n\n\n<p>La medida, que llega despu\u00e9s de reportar casi 26.500 contagios y casi 200 muertes diarias, convierte a Tamil Nadu en el tercer estado de la India en imponer un cierre despu\u00e9s de Kerala y Karnataka, seg\u00fan la televisi\u00f3n india NDTV.<\/p>\n\n\n\n<p>El primer ministro indio, Narendra Modi, est\u00e1 siendo presionado para declarar una cuarentena en todo el territorio, una medida que viene demorando por el alto costo que eso implicar\u00eda para la econom\u00eda.<\/p>\n\n\n\n<blockquote class=\"wp-block-quote is-layout-flow wp-block-quote-is-layout-flow\"><p>La medida, que llega despu\u00e9s de reportar casi 26.500 contagios y casi 200 muertes diarias, convierte a Tamil Nadu en el tercer estado de la India en imponer un cierre despu\u00e9s de Kerala y Karnataka<\/p><\/blockquote>\n\n\n\n<p>India es el segundo pa\u00eds del mundo m\u00e1s afectado por el coronavirus, solo despu\u00e9s de Estados Unidos.<\/p>\n\n\n\n<p>Pero mientras este \u00faltimo lleva adelante una avanzada campa\u00f1a de vacunaci\u00f3n, con m\u00e1s del 32% de la poblaci\u00f3n inoculada, India, que tiene m\u00e1s de 1.300 millones de habitantes, apenas alcanz\u00f3 a inyectar al 2,3% de la poblaci\u00f3n.<\/p>\n\n\n\n<p>La comunidad internacional expres\u00f3 su preocupaci\u00f3n por la situaci\u00f3n en el pa\u00eds asi\u00e1tico, donde escasea el ox\u00edgeno y faltan camas libres en los hospitales.<\/p>\n\n\n\n<p>El viernes, Unicef alert\u00f3 que la pandemia est\u00e1 dejando a muchos j\u00f3venes en la indigencia.<\/p>\n\n\n\n<blockquote class=\"wp-block-quote is-layout-flow wp-block-quote-is-layout-flow\"><p>La comunidad internacional expres\u00f3 su preocupaci\u00f3n por la situaci\u00f3n en el pa\u00eds asi\u00e1tico, donde escasea el ox\u00edgeno y faltan camas libres en los hospitales<\/p><\/blockquote>\n\n\n\n<p>\u00abEl virus se est\u00e1 propagando mucho m\u00e1s r\u00e1pido. En promedio, hubo m\u00e1s de cuatro casos nuevos por segundo y m\u00e1s de dos muertes por minuto en las \u00faltimas 24 horas\u00bb, alert\u00f3 la representante del organismo en la India, Yasmin Ali Haque.<\/p>\n\n\n\n<p>Adem\u00e1s, advirti\u00f3 que la pandemia \u00abest\u00e1 lejos de terminar\u00bb y la situaci\u00f3n est\u00e1 afectando especialmente a ni\u00f1os, ya que las autoridades est\u00e1m registrando un aumento del n\u00famero de hu\u00e9rfanos sin protecci\u00f3n.<\/p>\n\n\n\n<p>\u00abSi bien a\u00fan no hay suficientes datos, podemos ver que las peticiones de adopci\u00f3n ilegal han aparecido en las redes sociales, lo que hace que estos hu\u00e9rfanos sean vulnerables a la trata y el abuso\u00bb, alert\u00f3.<\/p>\n","protected":false},"excerpt":{"rendered":"<p>En la \u00faltima jornada se detectaron 4.187 muertes por la enfermedad, con lo que el<\/p>\n","protected":false},"author":8,"featured_media":34523,"comment_status":"open","ping_status":"open","sticky":false,"template":"","format":"standard","meta":{"footnotes":""},"categories":[1],"tags":[],"class_list":["post-34522","post","type-post","status-publish","format-standard","has-post-thumbnail","hentry","category-noticias"],"_links":{"self":[{"href":"https:\/\/24formosa.com.ar\/index.php?rest_route=\/wp\/v2\/posts\/34522","targetHints":{"allow":["GET"]}}],"collection":[{"href":"https:\/\/24formosa.com.ar\/index.php?rest_route=\/wp\/v2\/posts"}],"about":[{"href":"https:\/\/24formosa.com.ar\/index.php?rest_route=\/wp\/v2\/types\/post"}],"author":[{"embeddable":true,"href":"https:\/\/24formosa.com.ar\/index.php?rest_route=\/wp\/v2\/users\/8"}],"replies":[{"embeddable":true,"href":"https:\/\/24formosa.com.ar\/index.php?rest_route=%2Fwp%2Fv2%2Fcomments&post=34522"}],"version-history":[{"count":1,"href":"https:\/\/24formosa.com.ar\/index.php?rest_route=\/wp\/v2\/posts\/34522\/revisions"}],"predecessor-version":[{"id":34524,"href":"https:\/\/24formosa.com.ar\/index.php?rest_route=\/wp\/v2\/posts\/34522\/revisions\/34524"}],"wp:featuredmedia":[{"embeddable":true,"href":"https:\/\/24formosa.com.ar\/index.php?rest_route=\/wp\/v2\/media\/34523"}],"wp:attachment":[{"href":"https:\/\/24formosa.com.ar\/index.php?rest_route=%2Fwp%2Fv2%2Fmedia&parent=34522"}],"wp:term":[{"taxonomy":"category","embeddable":true,"href":"https:\/\/24formosa.com.ar\/index.php?rest_route=%2Fwp%2Fv2%2Fcategories&post=34522"},{"taxonomy":"post_tag","embeddable":true,"href":"https:\/\/24formosa.com.ar\/index.php?rest_route=%2Fwp%2Fv2%2Ftags&post=34522"}],"curies":[{"name":"wp","href":"https:\/\/api.w.org\/{rel}","templated":true}]}}