{"id":34516,"date":"2021-05-08T11:02:30","date_gmt":"2021-05-08T14:02:30","guid":{"rendered":"https:\/\/24formosa.com.ar\/?p=34516"},"modified":"2021-05-08T11:02:31","modified_gmt":"2021-05-08T14:02:31","slug":"el-gobierno-publico-el-decreto-de-convocatoria-a-elecciones-pero-ya-se-anuncio-que-habra-cambios","status":"publish","type":"post","link":"https:\/\/24formosa.com.ar\/?p=34516","title":{"rendered":"El Gobierno public\u00f3 el decreto de convocatoria a elecciones, pero ya se anunci\u00f3 que habr\u00e1 cambios"},"content":{"rendered":"\n<p><strong><em>Mediante el Decreto 303\/2021, quedaron oficializadas las fechas que establece el C\u00f3digo Electoral Nacional, aunque ser\u00e1n modificadas, tal como se acord\u00f3 en la reuni\u00f3n que mantuvo el Ministro De Pedro con los bloques opositores en el Congreso.&nbsp;<\/em><\/strong><\/p>\n\n\n\n<p>El Gobierno public\u00f3 el decreto 303\/2021 de convocatoria a las PASO y las legislativas 2021.<br><strong>El Gobierno nacional formaliz\u00f3 la convocatoria a las Primarias, Abiertas, Simult\u00e1neas y Obligatorias (PASO) para el 8 de agosto y a las elecciones generales para el 24 de octubre<\/strong>, tal como indica el C\u00f3digo Electoral Nacional,&nbsp;<strong>pese a que esas fechas probablemente sean modificadas<\/strong>&nbsp;en virtud de un proyecto de ley que ser\u00e1 tratado los pr\u00f3ximos d\u00edas en el Congreso.<\/p>\n\n\n\n<p><strong>El Decreto 303\/2021<\/strong>&nbsp;de convocatoria, dado a conocer este s\u00e1bado en el Bolet\u00edn Oficial, lleva la firma del presidente Alberto Fern\u00e1ndez, del jefe de Gabinete Santiago Cafiero y del ministro del Interior, Eduardo &#8216;Wado&#8217; de Pedro, y se publica luego del acuerdo alcanzado el viernes con la oposici\u00f3n para postergar los comicios, en virtud de la pandemia de coronavirus.<\/p>\n\n\n\n<p>Por este motivo,&nbsp;<strong>las fechas podr\u00edan modificarse de acuerdo al proyecto de ley que ser\u00e1 tratado pr\u00f3ximamente en el Congreso<\/strong>, seg\u00fan se desprendi\u00f3 de la reuni\u00f3n que mantuvieron este viernes el presidente de la C\u00e1mara de Diputados, Sergio Massa, y el ministro del Interior con los jefes de bancada de todos los bloques del recinto.<\/p>\n\n\n\n<p><img decoding=\"async\" src=\"https:\/\/www.telam.com.ar\/advf\/imagenes\/2021\/05\/6095ce23d880a_1004x563.png\" alt=\"El Gobierno acord\u00f3 con los bloques opositores del Congreso la posibilidad de postergar las elecciones. \">El Gobierno acord\u00f3 con los bloques opositores del Congreso la posibilidad de postergar las elecciones.<br>El acuerdo con la oposici\u00f3n<br>En el encuentro, el Gobierno y la oposici\u00f3n,&nbsp;<a href=\"https:\/\/www.telam.com.ar\/notas\/202105\/553346-de-pedro-se-reunira-con-presidentes-de-bloques-para-analizar-postergacion-de-elecciones.html\" target=\"_blank\" rel=\"noreferrer noopener\">acordaron postergar hasta el 12 de septiembre las PASO, y hasta el 14 de noviembre las legislativas<\/a>, dijeron fuentes oficiales.<\/p>\n\n\n\n<p>De esta forma, la postergaci\u00f3n respecto de las fechas publicadas en el Bolet\u00edn Oficial ser\u00eda de cinco semanas en el primer caso, y de tres en el segundo.<\/p>\n\n\n\n<p>Tras la reuni\u00f3n, desarrollada en el Sal\u00f3n de los Escudos de Casa Rosada, De Pedro inform\u00f3 que \u00abcon los jefes de los distintos bloques del Congreso pudimos terminar de articular y acordar realizar las elecciones de este a\u00f1o priorizando la salud y la vida de la gente, en el marco de la pandemia que estamos viviendo\u00bb.<\/p>\n\n\n\n<p>En ese marco, detall\u00f3 que junto a los representantes parlamentarios&nbsp;<strong>\u00abse consensu\u00f3 un proyecto de ley para modificar el cronograma electoral, por lo que de esta forma la celebraci\u00f3n de las PASO quedar\u00e1 programada para el 12 de septiembre, y las generales el 14 de noviembre\u00bb<\/strong>.<\/p>\n\n\n\n<blockquote class=\"wp-block-quote is-layout-flow wp-block-quote-is-layout-flow\"><p>En el encuentro del viernes el Gobierno y la oposici\u00f3n acordaron postergar hasta el 12 de septiembre las PASO, y hasta el 14 de noviembre las legislativas<\/p><\/blockquote>\n\n\n\n<p>Al acuerdo se lleg\u00f3 luego de que el Gobierno aceptara que la postergaci\u00f3n del calendario se realizar\u00e1 este a\u00f1o \u00abpor \u00fanica vez\u00bb, una de las demandas vertidas por Juntos por el Cambio cuando se conoci\u00f3 el borrador del proyecto.<\/p>\n\n\n\n<p>Por su parte, Massa ponder\u00f3 que \u00ablas reglas del juego en materia electoral son producto del consenso y el acuerdo de la gran mayor\u00eda de las fuerzas pol\u00edticas\u00bb.<\/p>\n\n\n\n<p>Y luego agreg\u00f3: \u00abDurante las \u00faltimas semanas Wado articul\u00f3 con cada una de las distintas fuerzas pol\u00edticas de la Argentina. La gran mayor\u00eda de ellas coincidimos en que, en el marco de esta pandemia, lo mejor era encontrar un mecanismo de postergaci\u00f3n para concretar el proceso pol\u00edtico hacia momentos m\u00e1s protegidos desde el punto de vista de la salud\u201d.<\/p>\n\n\n\n<p>A su turno Mario Negri, presidente de la bancada de Juntos por el Cambio, se\u00f1al\u00f3: \u00abEntendemos que la situaci\u00f3n sanitaria amerita un acuerdo pol\u00edtico entre todos los partidos con representaci\u00f3n en el Congreso\u00bb.<\/p>\n\n\n\n<p><a href=\"https:\/\/www.scribd.com\/document\/507048881\/Decreto-303-2021#from_embed\">Decreto 303\/2021<\/a>&nbsp;by&nbsp;<a href=\"https:\/\/www.scribd.com\/user\/276843644\/Telam#from_embed\">T\u00e9lam<\/a>&nbsp;on <a href=\"\/\/es.scribd.com\/embeds\/507048881\/content?start_page=1&amp;view_mode=scroll&amp;access_key=key-sVxCUhGyqXgsWD8Wb6tI\" target=\"_blank\" rel=\"noreferrer noopener\">Scribdhttps:\/\/es.scribd.com\/embeds\/507048881\/content?start_page=1&amp;view_mode=scroll&amp;access_key=key-sVxCUhGyqXgsWD8Wb6tI<\/a><\/p>\n","protected":false},"excerpt":{"rendered":"<p>Mediante el Decreto 303\/2021, quedaron oficializadas las fechas que establece el C\u00f3digo Electoral Nacional, aunque<\/p>\n","protected":false},"author":8,"featured_media":34517,"comment_status":"open","ping_status":"open","sticky":false,"template":"","format":"standard","meta":{"footnotes":""},"categories":[1],"tags":[],"class_list":["post-34516","post","type-post","status-publish","format-standard","has-post-thumbnail","hentry","category-noticias"],"_links":{"self":[{"href":"https:\/\/24formosa.com.ar\/index.php?rest_route=\/wp\/v2\/posts\/34516","targetHints":{"allow":["GET"]}}],"collection":[{"href":"https:\/\/24formosa.com.ar\/index.php?rest_route=\/wp\/v2\/posts"}],"about":[{"href":"https:\/\/24formosa.com.ar\/index.php?rest_route=\/wp\/v2\/types\/post"}],"author":[{"embeddable":true,"href":"https:\/\/24formosa.com.ar\/index.php?rest_route=\/wp\/v2\/users\/8"}],"replies":[{"embeddable":true,"href":"https:\/\/24formosa.com.ar\/index.php?rest_route=%2Fwp%2Fv2%2Fcomments&post=34516"}],"version-history":[{"count":1,"href":"https:\/\/24formosa.com.ar\/index.php?rest_route=\/wp\/v2\/posts\/34516\/revisions"}],"predecessor-version":[{"id":34518,"href":"https:\/\/24formosa.com.ar\/index.php?rest_route=\/wp\/v2\/posts\/34516\/revisions\/34518"}],"wp:featuredmedia":[{"embeddable":true,"href":"https:\/\/24formosa.com.ar\/index.php?rest_route=\/wp\/v2\/media\/34517"}],"wp:attachment":[{"href":"https:\/\/24formosa.com.ar\/index.php?rest_route=%2Fwp%2Fv2%2Fmedia&parent=34516"}],"wp:term":[{"taxonomy":"category","embeddable":true,"href":"https:\/\/24formosa.com.ar\/index.php?rest_route=%2Fwp%2Fv2%2Fcategories&post=34516"},{"taxonomy":"post_tag","embeddable":true,"href":"https:\/\/24formosa.com.ar\/index.php?rest_route=%2Fwp%2Fv2%2Ftags&post=34516"}],"curies":[{"name":"wp","href":"https:\/\/api.w.org\/{rel}","templated":true}]}}