{"id":34513,"date":"2021-05-07T20:18:27","date_gmt":"2021-05-07T23:18:27","guid":{"rendered":"https:\/\/24formosa.com.ar\/?p=34513"},"modified":"2021-05-07T20:18:29","modified_gmt":"2021-05-07T23:18:29","slug":"el-plan-nutrir-trabaja-para-abarcar-a-mas-beneficiarios","status":"publish","type":"post","link":"https:\/\/24formosa.com.ar\/?p=34513","title":{"rendered":"El Plan Nutrir trabaja para abarcar a m\u00e1s beneficiarios"},"content":{"rendered":"\n<p><em>La medida econ\u00f3mica que determin\u00f3 el Gobierno Provincial, para ayudar y sostener a m\u00e1s familias formose\u00f1as, en este contexto epidemiol\u00f3gico actual, puso en marcha un gran trabajo de los diferentes organismos e instituciones.<\/em><\/p>\n\n\n\n<p>Entre las medidas se destaca adem\u00e1s&nbsp; una ampliaci\u00f3n del 50% del presupuesto del Plan Nutrir del Ministerio de la Comunidad a fin de ampliar la cobertura de beneficiarios de este programa alimentario provincial<\/p>\n\n\n\n<p>Al respecto la coordinadora del Plan Nutrir, profesora Rosa Paredes, inform\u00f3, en contacto con&nbsp;<strong>AGENFOR<\/strong>, que est\u00e1n trabajando en la organizaci\u00f3n parar proveer del bols\u00f3n alimenticio a un mayor n\u00famero de beneficiarios.<\/p>\n\n\n\n<p>&nbsp;Indic\u00f3, que a partir de este incremento, est\u00e1n realizando las planificaciones respecto a los aportes de los productos agr\u00edcolas, \u201cnos estamos basando en la demanda que tendremos con los nuevos titulares que se suman al programa\u201d.<\/p>\n\n\n\n<p>\u201cEsto implica aumentar la cantidad de productos a comprar, por eso, estamos haciendo un relevamiento de las siembras de los productores paipperos que son proveedores, de todas las localidades de la provincia\u201d adelant\u00f3.&nbsp;<\/p>\n\n\n\n<figure class=\"wp-block-image\"><a href=\"https:\/\/agenfor.com.ar\/wp-content\/uploads\/2021\/05\/Nutrir_productos65-768x512-1.jpg\"><img decoding=\"async\" src=\"https:\/\/agenfor.com.ar\/wp-content\/uploads\/2021\/05\/Nutrir_productos65-768x512-1.jpg\" alt=\"\" class=\"wp-image-99013\"\/><\/a><\/figure>\n\n\n\n<p>Adem\u00e1s- aclar\u00f3- que deben tener en cuenta la estaci\u00f3n del a\u00f1o y los productos que son cosechados en esta \u00e9poca.<\/p>\n\n\n\n<p><strong>Beneficiarios<\/strong><\/p>\n\n\n\n<p>Por otra parte, inform\u00f3 que en la actualidad, hay 17 mil familias que retiran, dos veces al mes, el bols\u00f3n de 17 productos frescos de primera calidad. Agreg\u00f3 que \u201cesto permite que puedan compartir en la mesa familiar, una alimentaci\u00f3n sana y nutritiva\u201d.<\/p>\n\n\n\n<p>Adem\u00e1s, inform\u00f3 que a partir de la base de datos de diferentes organismos se acuerdan sobre los pr\u00f3ximos beneficiarios. Para esto, se tiene en cuenta ciertos criterios como ser titular de la Tarjeta Social, personas celiacas, pensionados, y Asignaci\u00f3n Universal por Hijo (AUH). Una vez realizado el relevamiento, se convoca a los posibles titulares, para constatar los datos.<\/p>\n\n\n\n<p><strong>Equipo de trabajo<\/strong><\/p>\n\n\n\n<p>\u201cHay un gran equipo de trabajo, para llevar adelante esta tarea\u201d, expres\u00f3 Paredes, se\u00f1alando que esto se realiza en conjunto con distintos organismos.<\/p>\n\n\n\n<p>En principio, desde el &nbsp;Ministerio de la Producci\u00f3n y Ambiente, se coordina con los municipios, la organizaci\u00f3n de la siembra y el suministro de semillas.<\/p>\n\n\n\n<p>&nbsp;Desde cada comuna, se acompa\u00f1a a los productores locales, durante todo el proceso de producci\u00f3n, que inicia en el arado de la tierra, hasta el trasporte de los productos cosechados.<\/p>\n\n\n\n<p>&nbsp;Asimismo, mencionaron los organismos que tambi\u00e9n intervienen en este plan: CEDEVA (Centro de Validaci\u00f3n de Tecnol\u00f3gicas Agropecuarias), el Ministerio de Cultura y Educaci\u00f3n a trav\u00e9s de las Escuelas Agrot\u00e9cnicas y el Instituto PAIPPA (El Programa de Asistencia Integral para el Peque\u00f1o Productor Agropecuario). &nbsp;<\/p>\n\n\n\n<p>Indic\u00f3 que en la ciudad de Formosa hay un centro de acopio, que cuenta con la infraestructura y las herramientas necesarias, para trasportar los productos, conservando la cadena de fr\u00edo.<\/p>\n\n\n\n<p>&nbsp;Para finalizar, destac\u00f3 que los centros de distribuci\u00f3n est\u00e1n ubicados de manera estrat\u00e9gica, en siete barrios de la ciudad capital, para estar m\u00e1s cerca de las familias beneficiarias.<\/p>\n","protected":false},"excerpt":{"rendered":"<p>La medida econ\u00f3mica que determin\u00f3 el Gobierno Provincial, para ayudar y sostener a m\u00e1s familias<\/p>\n","protected":false},"author":8,"featured_media":34514,"comment_status":"open","ping_status":"open","sticky":false,"template":"","format":"standard","meta":{"footnotes":""},"categories":[1],"tags":[],"class_list":["post-34513","post","type-post","status-publish","format-standard","has-post-thumbnail","hentry","category-noticias"],"_links":{"self":[{"href":"https:\/\/24formosa.com.ar\/index.php?rest_route=\/wp\/v2\/posts\/34513","targetHints":{"allow":["GET"]}}],"collection":[{"href":"https:\/\/24formosa.com.ar\/index.php?rest_route=\/wp\/v2\/posts"}],"about":[{"href":"https:\/\/24formosa.com.ar\/index.php?rest_route=\/wp\/v2\/types\/post"}],"author":[{"embeddable":true,"href":"https:\/\/24formosa.com.ar\/index.php?rest_route=\/wp\/v2\/users\/8"}],"replies":[{"embeddable":true,"href":"https:\/\/24formosa.com.ar\/index.php?rest_route=%2Fwp%2Fv2%2Fcomments&post=34513"}],"version-history":[{"count":1,"href":"https:\/\/24formosa.com.ar\/index.php?rest_route=\/wp\/v2\/posts\/34513\/revisions"}],"predecessor-version":[{"id":34515,"href":"https:\/\/24formosa.com.ar\/index.php?rest_route=\/wp\/v2\/posts\/34513\/revisions\/34515"}],"wp:featuredmedia":[{"embeddable":true,"href":"https:\/\/24formosa.com.ar\/index.php?rest_route=\/wp\/v2\/media\/34514"}],"wp:attachment":[{"href":"https:\/\/24formosa.com.ar\/index.php?rest_route=%2Fwp%2Fv2%2Fmedia&parent=34513"}],"wp:term":[{"taxonomy":"category","embeddable":true,"href":"https:\/\/24formosa.com.ar\/index.php?rest_route=%2Fwp%2Fv2%2Fcategories&post=34513"},{"taxonomy":"post_tag","embeddable":true,"href":"https:\/\/24formosa.com.ar\/index.php?rest_route=%2Fwp%2Fv2%2Ftags&post=34513"}],"curies":[{"name":"wp","href":"https:\/\/api.w.org\/{rel}","templated":true}]}}