{"id":34510,"date":"2021-05-07T20:14:49","date_gmt":"2021-05-07T23:14:49","guid":{"rendered":"https:\/\/24formosa.com.ar\/?p=34510"},"modified":"2021-05-07T20:14:50","modified_gmt":"2021-05-07T23:14:50","slug":"gomez-controlar-el-virus-depende-de-cada-uno-de-nosotros","status":"publish","type":"post","link":"https:\/\/24formosa.com.ar\/?p=34510","title":{"rendered":"G\u00f3mez: \u201cControlar el virus depende de cada uno de nosotros\u201d"},"content":{"rendered":"\n<p><em>An\u00edbal G\u00f3mez, ministro de la Comunidad a cargo de Desarrollo Humano, brind\u00f3 precisiones sobre la habilitaci\u00f3n del nuevo sector de internaci\u00f3n para pacientes COVID en el Hospital Central.<\/em><\/p>\n\n\n\n<p>Adem\u00e1s, reiter\u00f3 la funci\u00f3n de los Centros de Asistencia Sanitarias (CAS) dentro del sistema de salud p\u00fablico y defendi\u00f3 las restricciones en el contexto de pandemia, porque \u201cpa\u00edses que imponen medidas duras y puntuales, experimentan una mortalidad aproximadamente 25 veces menor\u201d.<\/p>\n\n\n\n<p>En este contexto, el funcionario coment\u00f3 que este jueves, con el acompa\u00f1amiento de la directora nacional de Epidemiolog\u00eda, la doctora Anal\u00eda Rearte y la asesora de la subsecretar\u00eda de Integraci\u00f3n de los Sistemas de Salud y Atenci\u00f3n Primaria, Victoria Enr\u00edquez, qued\u00f3 habilitadoun nuevo sector de internaci\u00f3n, exclusivo para pacientes COVID en el Hospital Central.<\/p>\n\n\n\n<p>La nueva infraestructura de tres pisos cuenta con 42 camas de internaci\u00f3n, de las cuales 14 est\u00e1n destinadas a la Unidad de Terapia Intensiva y el resto para pacientes con cuadros moderados. Adem\u00e1s, Naci\u00f3n enviar\u00e1 12 respiradores que ser\u00e1n destinados a este sector.<\/p>\n\n\n\n<p>\u201cEsta nueva infraestructura nos permite reforzar el sistema de salud p\u00fablico ante la cr\u00edtica situaci\u00f3n epidemiol\u00f3gica que estamos atravesando por la creciente detecci\u00f3n de casos positivos de coronavirus en nuestra provincia\u201d, subray\u00f3 el ministro.<\/p>\n\n\n\n<p><strong>Pacientes en CAS<\/strong><\/p>\n\n\n\n<p>En este orden, G\u00f3mez reiter\u00f3 que en los CAS se tiene un control de los pacientes con coronavirus y su salud est\u00e1 monitoreada por especialistas.<\/p>\n\n\n\n<p>Detall\u00f3 que, \u201cuna vez que una persona da positivo por COVID, impacta en el sistema y r\u00e1pidamente se comunican con el paciente para brindarle las indicaciones de c\u00f3mo proseguir con el caso\u201d.<\/p>\n\n\n\n<p>En cuanto a los contactos estrechos de un caso positivo, refiri\u00f3 que pueden acercarse a un Centro de Salud y si la persona est\u00e1 con s\u00edntomas leves o moderados \u201cindicamos quedarse en un CAS, y, en caso de que su condici\u00f3n requiera de m\u00e1s complejidad, pasa a una internaci\u00f3n en un nosocomio\u201d.<\/p>\n\n\n\n<p>\u201cEste jueves, m\u00e1s de 300 personas fueron trasladas a un CAS, y otro peque\u00f1o grupo a un hospital por las sintomatolog\u00edas que presentaban\u201d, inform\u00f3.<\/p>\n\n\n\n<p>Asimismo, marc\u00f3 que \u201cesta no es una enfermedad cualquiera, hay que analizar los riesgos de quedarse a transitarla en el domicilio, adem\u00e1s es muy contagiosa y en la casa exponen a los integrantes de la familia al contagio. Un CAS protege a los contactos estrechos ya que a\u00edsla a la persona con COVID\u201d.<\/p>\n\n\n\n<p><strong>Ventajas frente al virus<\/strong><\/p>\n\n\n\n<p>En otra parte de su conferencia, G\u00f3mez argument\u00f3 que \u201cseg\u00fan una investigaci\u00f3n de la revista m\u00e9dica brit\u00e1nica TheLancet, se demuestra que los pa\u00edses que optan por medidas de contenci\u00f3n agresivas y tempranas sacan una ventaja frente a aquellos que van y vienen intentando convivir con el virus\u201d.<\/p>\n\n\n\n<p>En este sentido, manifest\u00f3 que todos los gobiernos y con distintos matices, debieron optar entre elegir la vida o la muerte, la libertad o las restricciones.<\/p>\n\n\n\n<p>\u201cDel an\u00e1lisis se desprende que los pa\u00edses que imponen medidas duras y puntuales, experimentan una mortalidad COVID-19 aproximadamente 25 veces menor que la experimentada por los pa\u00edses que intentan convivir con el virus\u201d, se\u00f1al\u00f3.<\/p>\n\n\n\n<p>A la vez, otro aspecto analizado fue el v\u00ednculo entre la erradicaci\u00f3n del virus y las limitaciones de las libertades impuestas a las poblaciones: cierres de negocios, lugares culturales, restricci\u00f3n a la libertad de circulaci\u00f3n, prohibici\u00f3n de reuniones, toques de queda, entre otros, buscando cuantificar la severidad de las decisiones dictaminadas por las autoridades.<\/p>\n\n\n\n<p>La conclusi\u00f3n fue quelos pa\u00edses que actuaron con menor rigidez para \u201cvivir\u201d con la pandemia, en general, tuvieron que imponer con el tiempo medidas que perjudicaron m\u00e1s, o durante m\u00e1s tiempo, las libertades.<\/p>\n\n\n\n<p>En cuanto a la inmunizaci\u00f3n, asegura que \u201cla historia muestra que la vacunaci\u00f3n por s\u00ed sola no puede controlar un virus r\u00e1pidamente y que se necesita una combinaci\u00f3n de medidas de salud p\u00fablica para la contenci\u00f3n\u201d.<\/p>\n\n\n\n<p>Por \u00faltimo, An\u00edbal G\u00f3mez indic\u00f3 que \u201cvenimos repitiendo d\u00eda tras d\u00eda: controlar el virus depende de cada uno de nosotros, de nuestra conducta y responsabilidad como individuos y como comunidad\u201d.<\/p>\n","protected":false},"excerpt":{"rendered":"<p>An\u00edbal G\u00f3mez, ministro de la Comunidad a cargo de Desarrollo Humano, brind\u00f3 precisiones sobre la<\/p>\n","protected":false},"author":8,"featured_media":34511,"comment_status":"open","ping_status":"open","sticky":false,"template":"","format":"standard","meta":{"footnotes":""},"categories":[1],"tags":[],"class_list":["post-34510","post","type-post","status-publish","format-standard","has-post-thumbnail","hentry","category-noticias"],"_links":{"self":[{"href":"https:\/\/24formosa.com.ar\/index.php?rest_route=\/wp\/v2\/posts\/34510","targetHints":{"allow":["GET"]}}],"collection":[{"href":"https:\/\/24formosa.com.ar\/index.php?rest_route=\/wp\/v2\/posts"}],"about":[{"href":"https:\/\/24formosa.com.ar\/index.php?rest_route=\/wp\/v2\/types\/post"}],"author":[{"embeddable":true,"href":"https:\/\/24formosa.com.ar\/index.php?rest_route=\/wp\/v2\/users\/8"}],"replies":[{"embeddable":true,"href":"https:\/\/24formosa.com.ar\/index.php?rest_route=%2Fwp%2Fv2%2Fcomments&post=34510"}],"version-history":[{"count":1,"href":"https:\/\/24formosa.com.ar\/index.php?rest_route=\/wp\/v2\/posts\/34510\/revisions"}],"predecessor-version":[{"id":34512,"href":"https:\/\/24formosa.com.ar\/index.php?rest_route=\/wp\/v2\/posts\/34510\/revisions\/34512"}],"wp:featuredmedia":[{"embeddable":true,"href":"https:\/\/24formosa.com.ar\/index.php?rest_route=\/wp\/v2\/media\/34511"}],"wp:attachment":[{"href":"https:\/\/24formosa.com.ar\/index.php?rest_route=%2Fwp%2Fv2%2Fmedia&parent=34510"}],"wp:term":[{"taxonomy":"category","embeddable":true,"href":"https:\/\/24formosa.com.ar\/index.php?rest_route=%2Fwp%2Fv2%2Fcategories&post=34510"},{"taxonomy":"post_tag","embeddable":true,"href":"https:\/\/24formosa.com.ar\/index.php?rest_route=%2Fwp%2Fv2%2Ftags&post=34510"}],"curies":[{"name":"wp","href":"https:\/\/api.w.org\/{rel}","templated":true}]}}