{"id":34507,"date":"2021-05-07T20:11:36","date_gmt":"2021-05-07T23:11:36","guid":{"rendered":"https:\/\/24formosa.com.ar\/?p=34507"},"modified":"2021-05-07T20:11:36","modified_gmt":"2021-05-07T23:11:36","slug":"zorrilla-destaco-la-ampliacion-del-presupuesto-a-comedores-escolares","status":"publish","type":"post","link":"https:\/\/24formosa.com.ar\/?p=34507","title":{"rendered":"Zorrilla destac\u00f3 la ampliaci\u00f3n del presupuesto a comedores escolares"},"content":{"rendered":"\n<p><em>Adem\u00e1s, el titular de Educaci\u00f3n opin\u00f3 sobre el fallo de la CSJN que dispuso las clases presenciales en CABA.<\/em><\/p>\n\n\n\n<p>En di\u00e1logo con&nbsp;<strong>AGENFOR<\/strong>, el ministro de Cultura y Educaci\u00f3n, Alberto Zorrilla, se refiri\u00f3 al aumento del presupuesto destinado a los comedores escolares como medida econ\u00f3mica que fue anunciada, d\u00edas atr\u00e1s, por el gobernador Gildo Insfr\u00e1n en el marco del Programa de Asistencia Financiera Extraordinaria a la Econom\u00eda Local, para mitigar la crisis generada por la pandemia del COVID 19.<\/p>\n\n\n\n<p>En primer lugar, el funcionario explic\u00f3 c\u00f3mo funciona la partida para este servicio nutricional y se\u00f1al\u00f3: \u201cHay un mecanismo aceitado hace muchos a\u00f1os, el Ministerio de Econom\u00eda libera los fondos y desde el Ministerio de Educaci\u00f3n se les trasfiere a las cuentas de cada responsable de comedor y ellos, con la tarjeta de d\u00e9bito, administran de tal manera que les alcance a todos los estudiantes para lo que necesiten\u201d.<\/p>\n\n\n\n<p>En ese sentido, Zorrilla argument\u00f3 que los directores de cada instituci\u00f3n conocen a sus alumnos y \u201csaben qu\u00e9 familias tienen m\u00e1s necesidades que otras\u201d, entonces, \u201cse les agrega un poco m\u00e1s de lo que corresponde por persona\u201d; y consider\u00f3 esta acci\u00f3n \u201cno como un mecanismo r\u00edgido, sino de una mirada social y justicialista\u201d.<\/p>\n\n\n\n<p>\u201cEl aumento es porque aumenta la necesidad por esta situaci\u00f3n de pandemia y tambi\u00e9n los precios en forma desaforada, porque los monopolios de la producci\u00f3n de alimentos hacen lo que quieren con los precios y eso repercute en cascada hacia nuestros minoristas\u201d, indic\u00f3.<\/p>\n\n\n\n<p>Y agreg\u00f3: \u201cEllos no forman los precios, pero algunos tambi\u00e9n hacen su jugadita, un exceso de previsi\u00f3n, porque como saben que va a aumentar, suben los precios por si acaso y tambi\u00e9n eso hay que comprender\u201d.<\/p>\n\n\n\n<p>Al respecto, Zorrila dijo que \u201ces una cadena que se va a tener que romper en alg\u00fan momento\u201d y opin\u00f3 que, la mejor manera de hacerlo, es \u201cactuando sobre los formadores de precios que son los productores mayoristas y poderes concentrados de la econom\u00eda\u201d.<\/p>\n\n\n\n<p>\u201cEso nos obliga a incrementar los presupuestos, porque la gente no tiene por qu\u00e9 pagar la actitud demencial de estos monopolios que priorizan el dinero antes que las personas\u201d, sentenci\u00f3.<\/p>\n\n\n\n<p><strong>Fallo de la Corte<\/strong><\/p>\n\n\n\n<p>En otro orden y consultado por el fallo de la Corte Suprema de Justicia de la Naci\u00f3n a favor de las clases presenciales en la Ciudad Aut\u00f3noma de Buenos Aires, el ministro manifest\u00f3 que \u201cla CSJN tiene una forma de mirar al municipio de CABA y otra para las provincias y m\u00e1s a\u00fan las justicialistas, sobre todo Formosa\u201d.<\/p>\n\n\n\n<p>\u201cLo \u00fanico que se puede decir es que act\u00faan con mucha injusticia, imprudencia y haciendo lo de los fariseos, porque le obligan a los dem\u00e1s a hacer lo que ellos no hacen, ya que el fallo lo dictaron desde sus casas, no desde su oficina a la que no van\u201d, esboz\u00f3.<\/p>\n\n\n\n<p>Y reiter\u00f3: \u201cEntonces la presencialidad no corre para ellos, es un mundo muy injusto y ellos lo hacen a\u00fan m\u00e1s injusto\u201d.<\/p>\n\n\n\n<p>Por \u00faltimo, Zorrilla precis\u00f3, \u201cya como ciudadano y no como funcionario\u201d, que con este tipo de acciones \u201cest\u00e1n atentando contra la estabilidad democr\u00e1tica del pa\u00eds y contra la estabilidad del gobierno elegido por el pueblo\u201d.<\/p>\n\n\n\n<p>\u201cAs\u00ed que creo que deben reflexionar y alguna medida habr\u00e1 que tomar desde el punto de vista democr\u00e1tico, para eso est\u00e1n las instituciones\u201d, concluy\u00f3.<\/p>\n","protected":false},"excerpt":{"rendered":"<p>Adem\u00e1s, el titular de Educaci\u00f3n opin\u00f3 sobre el fallo de la CSJN que dispuso las<\/p>\n","protected":false},"author":8,"featured_media":34508,"comment_status":"open","ping_status":"open","sticky":false,"template":"","format":"standard","meta":{"footnotes":""},"categories":[1],"tags":[],"class_list":["post-34507","post","type-post","status-publish","format-standard","has-post-thumbnail","hentry","category-noticias"],"_links":{"self":[{"href":"https:\/\/24formosa.com.ar\/index.php?rest_route=\/wp\/v2\/posts\/34507","targetHints":{"allow":["GET"]}}],"collection":[{"href":"https:\/\/24formosa.com.ar\/index.php?rest_route=\/wp\/v2\/posts"}],"about":[{"href":"https:\/\/24formosa.com.ar\/index.php?rest_route=\/wp\/v2\/types\/post"}],"author":[{"embeddable":true,"href":"https:\/\/24formosa.com.ar\/index.php?rest_route=\/wp\/v2\/users\/8"}],"replies":[{"embeddable":true,"href":"https:\/\/24formosa.com.ar\/index.php?rest_route=%2Fwp%2Fv2%2Fcomments&post=34507"}],"version-history":[{"count":1,"href":"https:\/\/24formosa.com.ar\/index.php?rest_route=\/wp\/v2\/posts\/34507\/revisions"}],"predecessor-version":[{"id":34509,"href":"https:\/\/24formosa.com.ar\/index.php?rest_route=\/wp\/v2\/posts\/34507\/revisions\/34509"}],"wp:featuredmedia":[{"embeddable":true,"href":"https:\/\/24formosa.com.ar\/index.php?rest_route=\/wp\/v2\/media\/34508"}],"wp:attachment":[{"href":"https:\/\/24formosa.com.ar\/index.php?rest_route=%2Fwp%2Fv2%2Fmedia&parent=34507"}],"wp:term":[{"taxonomy":"category","embeddable":true,"href":"https:\/\/24formosa.com.ar\/index.php?rest_route=%2Fwp%2Fv2%2Fcategories&post=34507"},{"taxonomy":"post_tag","embeddable":true,"href":"https:\/\/24formosa.com.ar\/index.php?rest_route=%2Fwp%2Fv2%2Ftags&post=34507"}],"curies":[{"name":"wp","href":"https:\/\/api.w.org\/{rel}","templated":true}]}}