{"id":34501,"date":"2021-05-07T20:07:48","date_gmt":"2021-05-07T23:07:48","guid":{"rendered":"https:\/\/24formosa.com.ar\/?p=34501"},"modified":"2021-05-07T20:07:48","modified_gmt":"2021-05-07T23:07:48","slug":"titular-de-la-uif-afirmo-que-las-medidas-economicas-fortaleceran-a-pequenas-y-medianas-empresas","status":"publish","type":"post","link":"https:\/\/24formosa.com.ar\/?p=34501","title":{"rendered":"Titular de la UIF afirm\u00f3 que las medidas econ\u00f3micas fortalecer\u00e1n a peque\u00f1as y medianas empresas"},"content":{"rendered":"\n<p><em>Las medidas econ\u00f3micas dispuestas por el Poder Ejecutivo Provincial fortalecer\u00e1n a las peque\u00f1as y medianas empresas, afirm\u00f3 el presidente de la Uni\u00f3n Industrial de Formosa, Jorge Antueno.<\/em><\/p>\n\n\n\n<p>En contacto con&nbsp;<strong>Agenfor<\/strong>, el empresario consider\u00f3 que &nbsp;\u201cEl paquete econ\u00f3mico que ha lanzado el Gobierno de Formosa, es una decisi\u00f3n pol\u00edtica muy acertada\u201d al destacar que la asistencia fortalecer\u00e1 al sector industrial de la provincia.<\/p>\n\n\n\n<p>Manifest\u00f3 que los industriales vienen transitando una incertidumbre ya que \u201cnunca antes hab\u00edamos tenido esta experiencia de atravesar una pandemia\u201d.<\/p>\n\n\n\n<p>Mencion\u00f3 algunas actividades que se realizan en la provincia como la foresto-industrial, metal-mec\u00e1nica, textil, y se\u00f1al\u00f3 que \u201ca todos nos afecta de diferentes maneras este contexto de pandemia y la reducci\u00f3n de trabajo por la implementaci\u00f3n del ASPO\u201d en las ciudades de Clorinda y Formosa, por la explosi\u00f3n de casos positivos de COVID-19.<\/p>\n\n\n\n<p>&nbsp;No obstante se\u00f1al\u00f3 que \u201ceste a\u00f1o ya est\u00e1 mostrando los \u00edndices interanuales que est\u00e1n superando y revelan una mejora en la producci\u00f3n, pero tenemos que seguir trabajando fuertemente\u201d, expres\u00f3.<\/p>\n\n\n\n<p>Continu\u00f3 opinando que \u201cestas herramientas financieras, nos ayudar\u00e1n a paliar la dif\u00edcil situaci\u00f3n que estamos viviendo\u201d, por lo que manifest\u00f3 su agradecimiento en nombre de los industriales.<\/p>\n\n\n\n<p>Al referirse al subsidio en la factura de energ\u00eda el\u00e9ctrica para usuarios comerciales, se\u00f1al\u00f3 que ser\u00e1 beneficioso sobre todo para peque\u00f1as y medianas empresas.<\/p>\n","protected":false},"excerpt":{"rendered":"<p>Las medidas econ\u00f3micas dispuestas por el Poder Ejecutivo Provincial fortalecer\u00e1n a las peque\u00f1as y medianas<\/p>\n","protected":false},"author":8,"featured_media":34502,"comment_status":"open","ping_status":"open","sticky":false,"template":"","format":"standard","meta":{"footnotes":""},"categories":[1],"tags":[],"class_list":["post-34501","post","type-post","status-publish","format-standard","has-post-thumbnail","hentry","category-noticias"],"_links":{"self":[{"href":"https:\/\/24formosa.com.ar\/index.php?rest_route=\/wp\/v2\/posts\/34501","targetHints":{"allow":["GET"]}}],"collection":[{"href":"https:\/\/24formosa.com.ar\/index.php?rest_route=\/wp\/v2\/posts"}],"about":[{"href":"https:\/\/24formosa.com.ar\/index.php?rest_route=\/wp\/v2\/types\/post"}],"author":[{"embeddable":true,"href":"https:\/\/24formosa.com.ar\/index.php?rest_route=\/wp\/v2\/users\/8"}],"replies":[{"embeddable":true,"href":"https:\/\/24formosa.com.ar\/index.php?rest_route=%2Fwp%2Fv2%2Fcomments&post=34501"}],"version-history":[{"count":1,"href":"https:\/\/24formosa.com.ar\/index.php?rest_route=\/wp\/v2\/posts\/34501\/revisions"}],"predecessor-version":[{"id":34503,"href":"https:\/\/24formosa.com.ar\/index.php?rest_route=\/wp\/v2\/posts\/34501\/revisions\/34503"}],"wp:featuredmedia":[{"embeddable":true,"href":"https:\/\/24formosa.com.ar\/index.php?rest_route=\/wp\/v2\/media\/34502"}],"wp:attachment":[{"href":"https:\/\/24formosa.com.ar\/index.php?rest_route=%2Fwp%2Fv2%2Fmedia&parent=34501"}],"wp:term":[{"taxonomy":"category","embeddable":true,"href":"https:\/\/24formosa.com.ar\/index.php?rest_route=%2Fwp%2Fv2%2Fcategories&post=34501"},{"taxonomy":"post_tag","embeddable":true,"href":"https:\/\/24formosa.com.ar\/index.php?rest_route=%2Fwp%2Fv2%2Ftags&post=34501"}],"curies":[{"name":"wp","href":"https:\/\/api.w.org\/{rel}","templated":true}]}}