{"id":34495,"date":"2021-05-07T20:02:32","date_gmt":"2021-05-07T23:02:32","guid":{"rendered":"https:\/\/24formosa.com.ar\/?p=34495"},"modified":"2021-05-07T20:02:33","modified_gmt":"2021-05-07T23:02:33","slug":"habilitaron-nuevo-sector-de-internacion-exclusivo-para-pacientes-covid-19-en-hospital-central","status":"publish","type":"post","link":"https:\/\/24formosa.com.ar\/?p=34495","title":{"rendered":"Habilitaron nuevo sector de internaci\u00f3n exclusivo para pacientes COVID-19 en Hospital Central"},"content":{"rendered":"\n<p><em>Se utilizar\u00e1 en casos moderados y graves. Naci\u00f3n enviar\u00e1 12 respiradores, que se utilizar\u00e1n en este nosocomio<\/em><\/p>\n\n\n\n<p>La nueva infraestructura de tres pisos se encuentra ubicada sobre calle Bartolom\u00e9 Mitre casi Fotheringham de la ciudad de Formosa, y cuenta con 42 camas. 14 de ellas destinadas a la Unidad de Terapia Intensiva.<\/p>\n\n\n\n<p>Asistieron a la habilitaci\u00f3n, el ministro de la Comunidad, a cargo de la cartera sanitaria, An\u00edbal G\u00f3mez, el director del Hospital Central, Mario Romero Bruno, como tambi\u00e9n los directores asociados Lorenzo Lescano y Claudia Nall\u00edn.<\/p>\n\n\n\n<p>Participaron tambi\u00e9n, la directora nacional de Epidemiolog\u00eda, doctora &nbsp;Anal\u00eda Rearte y la asesora de la Subsecretaria de Integraci\u00f3n de los Sistemas de Salud y Atenci\u00f3n Primaria, Victoria Enr\u00edquez, quienes se encuentran en Formosa, en visita de trabajo.<\/p>\n\n\n\n<figure class=\"wp-block-image\"><a href=\"https:\/\/agenfor.com.ar\/wp-content\/uploads\/2021\/05\/con-directora-nacional-de-Epidemiologia.jpg\"><img decoding=\"async\" src=\"https:\/\/agenfor.com.ar\/wp-content\/uploads\/2021\/05\/con-directora-nacional-de-Epidemiologia-1024x682.jpg\" alt=\"\" class=\"wp-image-99007\"\/><\/a><\/figure>\n\n\n\n<p>Esta nueva infraestructura vendr\u00e1 a reforzar y robustecer el sistema de salud ante la cr\u00edtica situaci\u00f3n epidemiol\u00f3gica que est\u00e1 atravesando la provincia ante la creciente detecci\u00f3n de casos positivos de coronavirus.<\/p>\n\n\n\n<p>Al finalizar la recorrida por las flamantes instalaciones, el ministro G\u00f3mez agradeci\u00f3 a su par nacional Carla Vizzotti por estar colaborando en forma permanente con la provincia y atender la evoluci\u00f3n de la pandemia.<\/p>\n\n\n\n<p>Adem\u00e1s, consider\u00f3 como \u201cmuy importante\u201d la visita a Formosa de la directora nacional de Epidemiolog\u00eda, en este momento tan dif\u00edcil que atraviesa la provincia con respecto al virus.<\/p>\n\n\n\n<p>Sobre la ampliaci\u00f3n del sistema de salud, se\u00f1al\u00f3 el funcionario que de las&nbsp;<strong>42 camas habilitadas<\/strong>&nbsp;en el nuevo edificio de internaci\u00f3n del Hospital Central, 14 se utilizar\u00e1n para terapia intensiva y el resto para pacientes con cuadros moderados.<\/p>\n\n\n\n<p>\u201cTenemos un sistema donde los pacientes moderados y graves son hospitalizados y los leves o asintom\u00e1ticos, que pueden evolucionar r\u00e1pidamente, est\u00e1n albergados en los CAS, para que puedan tener su evoluci\u00f3n controlada para el bien de ellos\u201d sintetiz\u00f3 en declaraciones a&nbsp;<strong>Agenfor<\/strong>.<\/p>\n\n\n\n<p>\u201cEs una estructura de primer nivel, muy bien equipada, los respiradores que nos enviar\u00e1 Naci\u00f3n, ser\u00e1n muy bienvenidos, los utilizaremos en este sector\u201d se\u00f1al\u00f3 y consider\u00f3 que \u201ccon esto ampliaremos la capacidad de respuesta del sector sanitario ante la crisis, pero lo importante es que ya tenemos la vacuna, y lo m\u00e1s importante es tomar las medidas para evitar nuevos contagios: la curva tiene que disminuir\u201d pidi\u00f3.<\/p>\n\n\n\n<p>Record\u00f3 G\u00f3mez que \u201cSi la curva no disminuye, no habr\u00e1 camas ni respiradores que aguanten la presi\u00f3n, porque esto pas\u00f3 en todo el mundo\u201d alert\u00f3.<\/p>\n\n\n\n<p><strong>Naci\u00f3n enviar\u00e1 12 respiradores<\/strong><\/p>\n\n\n\n<p>Al hacer un balance de su visita de dos d\u00edas en Formosa, la directora nacional de Epidemiolog\u00eda, Anal\u00eda Rearte valor\u00f3 la ampliaci\u00f3n del sistema de salud formose\u00f1o en este momento de la pandemia para atender casos moderados y graves de COVID-19 y adelant\u00f3 que el gobierno nacional enviar\u00e1 a la provincia de Formosa doce respiradores.<\/p>\n\n\n\n<figure class=\"wp-block-image\"><a href=\"https:\/\/agenfor.com.ar\/wp-content\/uploads\/2021\/05\/Rearte.jpg\"><img decoding=\"async\" src=\"https:\/\/agenfor.com.ar\/wp-content\/uploads\/2021\/05\/Rearte-1024x682.jpg\" alt=\"\" class=\"wp-image-99008\"\/><\/a><\/figure>\n\n\n\n<p>&nbsp;\u201cEstuvimos desde ayer recorriendo los distintos lugares y las distintas estrategias, nos juntamos con los equipos de trabajo. Es fundamental en esta etapa tan cr\u00edtica que se vive en el pa\u00eds y en Formosa la ampliaci\u00f3n del sistema de salud, porque cuando los casos comienzan a aumentar, la necesidad de camas de terapia empieza a presentarse\u201d dijo en declaraciones a Agenfor.<\/p>\n\n\n\n<p>Valor\u00f3 el trabajo conjunto que se lleva adelante desde el a\u00f1o pasado con la provincia, por eso se entregar\u00e1n 12 respiradores para \u201cque creo que se utilizar\u00e1n en este hospital, poder equiparlo. Creo que eso ser\u00e1 una fortaleza muy grande, para poder colaborar con el Hospital Evita y HAC, que ya est\u00e1n funcionando como lugares de atenci\u00f3n de pacientes graves de COVID\u201d consider\u00f3.<\/p>\n\n\n\n<p>Record\u00f3 la funcionaria que \u201cEl a\u00f1o pasado Formosa no registr\u00f3 casi casos, excepto algunos brotes aislados, ahora est\u00e1 en la misma situaci\u00f3n que el resto del pa\u00eds. COVID es as\u00ed, cuando ingresa y empieza la transmisi\u00f3n suele ser explosivo, es muy dif\u00edcil el control, sobre todo en grandes centros o ciudades\u201d.<\/p>\n\n\n\n<p>Dijo que \u201c por eso es tan importante ahora que ya tenemos vacuna, que la provincia tiene vacunados un porcentaje importante de mayores de 60 a\u00f1os, que son las personas que m\u00e1s riesgo tienen de hacer una enfermedad grave y morir, que podamos complementar esto con la ampliaci\u00f3n del sistema de salud, para que todos tengan acceso a una cama, pero en paralelo con medidas de salud destinadas a disminuir la transmisi\u00f3n del virus, para disminuir la mortalidad, que es lo que todos queremos\u201d.<\/p>\n\n\n\n<figure class=\"wp-block-image\"><a href=\"https:\/\/agenfor.com.ar\/wp-content\/uploads\/2021\/05\/HospitalCentral2.jpg\"><img decoding=\"async\" src=\"https:\/\/agenfor.com.ar\/wp-content\/uploads\/2021\/05\/HospitalCentral2-1024x682.jpg\" alt=\"\" class=\"wp-image-99009\"\/><\/a><\/figure>\n\n\n\n<p>Sobre los hospitales que visit\u00f3 dijo que &nbsp;\u201clas instalaciones son de primer nivel, que se puedan inaugurar este tipo de salas o de hospitales es fundamental, y pueden cambiar la evoluci\u00f3n de la pandemia porque cuando uno se queda sin camas o el sistema se satura, la mortalidad se multiplica, con lo cual tener la capacidad de poder ampliar con calidad el sistema de salud, es un eje fundamental\u201d.<\/p>\n\n\n\n<p>Rearte adem\u00e1s dijo que en los centros de aislamiento que visit\u00f3 como un hotel y una escuela, pudo llevarse una impresi\u00f3n de la \u201cvocaci\u00f3n y entrega\u201d del personal de salud que est\u00e1 comprometido con su tarea. \u201cLo sienten propio y se hacen responsables de que las cosas funcionen bien, eso independientemente de las instalaciones, es un valor muy importante\u201d consider\u00f3.<\/p>\n","protected":false},"excerpt":{"rendered":"<p>Se utilizar\u00e1 en casos moderados y graves. Naci\u00f3n enviar\u00e1 12 respiradores, que se utilizar\u00e1n en<\/p>\n","protected":false},"author":8,"featured_media":34496,"comment_status":"open","ping_status":"open","sticky":false,"template":"","format":"standard","meta":{"footnotes":""},"categories":[1],"tags":[],"class_list":["post-34495","post","type-post","status-publish","format-standard","has-post-thumbnail","hentry","category-noticias"],"_links":{"self":[{"href":"https:\/\/24formosa.com.ar\/index.php?rest_route=\/wp\/v2\/posts\/34495","targetHints":{"allow":["GET"]}}],"collection":[{"href":"https:\/\/24formosa.com.ar\/index.php?rest_route=\/wp\/v2\/posts"}],"about":[{"href":"https:\/\/24formosa.com.ar\/index.php?rest_route=\/wp\/v2\/types\/post"}],"author":[{"embeddable":true,"href":"https:\/\/24formosa.com.ar\/index.php?rest_route=\/wp\/v2\/users\/8"}],"replies":[{"embeddable":true,"href":"https:\/\/24formosa.com.ar\/index.php?rest_route=%2Fwp%2Fv2%2Fcomments&post=34495"}],"version-history":[{"count":1,"href":"https:\/\/24formosa.com.ar\/index.php?rest_route=\/wp\/v2\/posts\/34495\/revisions"}],"predecessor-version":[{"id":34497,"href":"https:\/\/24formosa.com.ar\/index.php?rest_route=\/wp\/v2\/posts\/34495\/revisions\/34497"}],"wp:featuredmedia":[{"embeddable":true,"href":"https:\/\/24formosa.com.ar\/index.php?rest_route=\/wp\/v2\/media\/34496"}],"wp:attachment":[{"href":"https:\/\/24formosa.com.ar\/index.php?rest_route=%2Fwp%2Fv2%2Fmedia&parent=34495"}],"wp:term":[{"taxonomy":"category","embeddable":true,"href":"https:\/\/24formosa.com.ar\/index.php?rest_route=%2Fwp%2Fv2%2Fcategories&post=34495"},{"taxonomy":"post_tag","embeddable":true,"href":"https:\/\/24formosa.com.ar\/index.php?rest_route=%2Fwp%2Fv2%2Ftags&post=34495"}],"curies":[{"name":"wp","href":"https:\/\/api.w.org\/{rel}","templated":true}]}}