{"id":34486,"date":"2021-05-07T19:55:34","date_gmt":"2021-05-07T22:55:34","guid":{"rendered":"https:\/\/24formosa.com.ar\/?p=34486"},"modified":"2021-05-07T19:55:34","modified_gmt":"2021-05-07T22:55:34","slug":"en-formosa-ya-se-aplicaron-mas-de-111-mil-dosis-de-vacunas-contra-el-covid-19","status":"publish","type":"post","link":"https:\/\/24formosa.com.ar\/?p=34486","title":{"rendered":"En Formosa ya se aplicaron m\u00e1s de 111 mil dosis de vacunas contra el COVID-19"},"content":{"rendered":"\n<p>En el marco de una nueva campa\u00f1a de vacunaci\u00f3n contra el COVID-19 concretada este viernes 7 en diversas localidades del interior provincial, el licenciado Julio Arroyo, jefe del Departamento de Inmunizaciones del Ministerio de Desarrollo Humano, puso en valor esta estrategia sanitaria de inoculaci\u00f3n dise\u00f1ada por el Gobierno de Formosa, realzando que hasta la fecha ya se han aplicado m\u00e1s de 111 mil dosis.<\/p>\n\n\n\n<p>En declaraciones a la&nbsp;<strong>Agencia de Noticias Formosa (AGENFOR)<\/strong>, desde General G\u00fcemes, una de las localidades que recibi\u00f3 el m\u00faltiple operativo, destac\u00f3 el desempe\u00f1o que en especial tuvieron los equipos de salud del hospital local, en la inoculaci\u00f3n a las clases 1960 y anteriores de esa comunidad.<\/p>\n\n\n\n<p>Refiri\u00f3 en ese sentido que \u201cen esta oportunidad, desde Formosa Capital viaj\u00f3 un contingente peque\u00f1o de 20 personas\u201d conformado por vacunadores, licenciados en Enfermer\u00eda, odont\u00f3logos; entre otros.<\/p>\n\n\n\n<p>Esto fue as\u00ed porque \u201cla idea fue mostrar el trabajo a los equipos locales\u201d, para que ellos \u201cen un futuro, en la siguiente etapa de inoculaci\u00f3n, tambi\u00e9n puedan desarrollar la tarea\u201d, fundament\u00f3.<\/p>\n\n\n\n<figure class=\"wp-block-image\"><a href=\"https:\/\/agenfor.com.ar\/wp-content\/uploads\/2021\/01\/arroyo.jpg\"><img decoding=\"async\" src=\"https:\/\/agenfor.com.ar\/wp-content\/uploads\/2021\/01\/arroyo-1024x682.jpg\" alt=\"\" class=\"wp-image-91875\"\/><\/a><\/figure>\n\n\n\n<p>El licenciado Arroyo, adem\u00e1s, no olvid\u00f3 mencionar la tarea importante que prestan los voluntarios por la salud y la vida, quienes \u201ccolaboran con el registro, el control de las personas al ingreso y de la temperatura antes de vacunarse; y los gu\u00edan a los respectivos puestos de inoculaci\u00f3n\u201d, detall\u00f3.<\/p>\n\n\n\n<p>Por todo ello, subray\u00f3 que \u201ces una actividad en conjunto que la podemos desarrollar gracias al Gobierno de Formosa que implementa esta acertada estrategia de vacunaci\u00f3n\u201d.<\/p>\n\n\n\n<p>La misma \u201ctambi\u00e9n permite que las personas no est\u00e9n m\u00e1s de cinco minutos en el recinto de vacunaci\u00f3n\u201d de los establecimientos educativos dispuestos como centros vacunatorios.<\/p>\n\n\n\n<p>\u201cCon \u00e9sta log\u00edstica todo es m\u00e1s r\u00e1pido\u201d, signific\u00f3, marcando que inclusive \u201cse expone menos a las personas que se vacunan como a los equipos de salud\u201d porque \u201cel contacto es casi nulo\u201d y se trata de espacios \u201cmuy amplios que permiten la ventilaci\u00f3n del lugar\u201d.<\/p>\n\n\n\n<figure class=\"wp-block-image\"><a href=\"https:\/\/agenfor.com.ar\/wp-content\/uploads\/2021\/05\/Vacunacion-P.C.Zalazar-01.jpg\"><img decoding=\"async\" src=\"https:\/\/agenfor.com.ar\/wp-content\/uploads\/2021\/05\/Vacunacion-P.C.Zalazar-01.jpg\" alt=\"\" class=\"wp-image-99044\"\/><\/a><\/figure>\n\n\n\n<p>Asimismo, todas las personas sin excepci\u00f3n llevan colocado el barbijo y hay alcohol en gel en cada una de las mesas de registro y vacunaci\u00f3n, para el lavado frecuente de manos. En definitiva, \u201cnos estamos protegiendo individualmente como de manera colectiva\u201d.<\/p>\n\n\n\n<p>En otro orden, consultado respecto a la vacunas del COVID-19 distribuidas a todas las jurisdicciones en un reparto equitativo que realiza el Gobierno Nacional, precis\u00f3 a esta Agencia que \u201cya hemos recibido poco m\u00e1s de 130 mil dosis, entre primer y segundo componente\u201d, llevando aplicadas \u201chasta el d\u00eda de la fecha m\u00e1s de 111 mil dosis en todo el territorio provincial\u201d.<\/p>\n\n\n\n<p><strong>Vacuna antigripal<\/strong><\/p>\n\n\n\n<p>Por \u00faltimo, el jefe del \u00e1rea de Inmunizaciones se refiri\u00f3 a la campa\u00f1a de vacunaci\u00f3n antigripal que esta semana comenz\u00f3 formalmente en la provincia.<\/p>\n\n\n\n<p>Explic\u00f3 que en esta primera etapa \u201cse est\u00e1n vacunando sin indicaci\u00f3n m\u00e9dica a todos los lactantes de seis meses a dos a\u00f1os, a todas las embarazadas sin importar en qu\u00e9 etapa de la gestaci\u00f3n se encuentren y tambi\u00e9n a las pu\u00e9rperas hasta el d\u00e9cimo d\u00eda del posparto\u201d.<\/p>\n\n\n\n<p>De la misma manera, ya se inici\u00f3 la aplicaci\u00f3n de la dosis a los adultos mayores de 70 a\u00f1os en adelante, pero que a medida que se reciban m\u00e1s dosis \u201ciremos disminuyendo la edad de vacunaci\u00f3n hasta aplicarla sin indicaci\u00f3n m\u00e9dica a las personas de 65 a\u00f1os en adelante\u201d, concluy\u00f3.<\/p>\n","protected":false},"excerpt":{"rendered":"<p>En el marco de una nueva campa\u00f1a de vacunaci\u00f3n contra el COVID-19 concretada este viernes<\/p>\n","protected":false},"author":8,"featured_media":34487,"comment_status":"open","ping_status":"open","sticky":false,"template":"","format":"standard","meta":{"footnotes":""},"categories":[1],"tags":[],"class_list":["post-34486","post","type-post","status-publish","format-standard","has-post-thumbnail","hentry","category-noticias"],"_links":{"self":[{"href":"https:\/\/24formosa.com.ar\/index.php?rest_route=\/wp\/v2\/posts\/34486","targetHints":{"allow":["GET"]}}],"collection":[{"href":"https:\/\/24formosa.com.ar\/index.php?rest_route=\/wp\/v2\/posts"}],"about":[{"href":"https:\/\/24formosa.com.ar\/index.php?rest_route=\/wp\/v2\/types\/post"}],"author":[{"embeddable":true,"href":"https:\/\/24formosa.com.ar\/index.php?rest_route=\/wp\/v2\/users\/8"}],"replies":[{"embeddable":true,"href":"https:\/\/24formosa.com.ar\/index.php?rest_route=%2Fwp%2Fv2%2Fcomments&post=34486"}],"version-history":[{"count":1,"href":"https:\/\/24formosa.com.ar\/index.php?rest_route=\/wp\/v2\/posts\/34486\/revisions"}],"predecessor-version":[{"id":34488,"href":"https:\/\/24formosa.com.ar\/index.php?rest_route=\/wp\/v2\/posts\/34486\/revisions\/34488"}],"wp:featuredmedia":[{"embeddable":true,"href":"https:\/\/24formosa.com.ar\/index.php?rest_route=\/wp\/v2\/media\/34487"}],"wp:attachment":[{"href":"https:\/\/24formosa.com.ar\/index.php?rest_route=%2Fwp%2Fv2%2Fmedia&parent=34486"}],"wp:term":[{"taxonomy":"category","embeddable":true,"href":"https:\/\/24formosa.com.ar\/index.php?rest_route=%2Fwp%2Fv2%2Fcategories&post=34486"},{"taxonomy":"post_tag","embeddable":true,"href":"https:\/\/24formosa.com.ar\/index.php?rest_route=%2Fwp%2Fv2%2Ftags&post=34486"}],"curies":[{"name":"wp","href":"https:\/\/api.w.org\/{rel}","templated":true}]}}