{"id":34475,"date":"2021-05-06T10:07:58","date_gmt":"2021-05-06T13:07:58","guid":{"rendered":"https:\/\/24formosa.com.ar\/?p=34475"},"modified":"2023-01-16T12:11:04","modified_gmt":"2023-01-16T15:11:04","slug":"colombia-marchas-masivas-contra-el-gobierno","status":"publish","type":"post","link":"https:\/\/24formosa.com.ar\/?p=34475","title":{"rendered":"Colombia:  marchas masivas contra el Gobierno"},"content":{"rendered":"\n<p><strong><em>Pese a que el presidente retir\u00f3 la controvertida reforma y prometi\u00f3 redactar otra, el Comit\u00e9 Nacional del Paro, que agrupa a unas 40 organizaciones, por s\u00e9ptimo d\u00eda consecutivo redobl\u00f3 la apuesta con una nueva movilizaci\u00f3n.<\/em><\/strong><\/p>\n\n\n\n<p>Nuevas protestas en Colombia y Duque ofrece recompensa por informaci\u00f3n sobre disturbios<br>Las principales ciudades de Colombia volvieron a ser este mi\u00e9rcoles,&nbsp;<strong>por s\u00e9ptimo d\u00eda consecutivo, escenario de masivas marchas de protesta contra el Gobierno<\/strong>, en principio con algunos incidentes aislados, mientras el presidente Iv\u00e1n Duque insisti\u00f3 en denunciar al \u201cvandalismo extremo y el terrorismo urbano\u201d y hasta ofreci\u00f3 recompensas para quienes identifiquen a los autores los disturbios.<\/p>\n\n\n\n<p>\u00ab<strong>La amenaza vand\u00e1lica que enfrentamos consiste en una organizaci\u00f3n criminal que se esconde detr\u00e1s de leg\u00edtimas aspiraciones sociales para desestabilizar a la sociedad, generar terror en la ciudadan\u00eda y distraer las acciones de la fuerza p\u00fablica. El vandalismo extremo y el terrorismo urbano que estamos observando se encuentran financiados y articulados por mafia de narcotr\u00e1fico\u201d<\/strong>, denunci\u00f3 el mandatario en un video difundido por redes sociales.<\/p>\n\n\n\n<p>Duque se refiri\u00f3 a los disturbios que se desataron tras la sangrienta represi\u00f3n de los \u00faltimos d\u00edas justo cuando empezaba una nueva jornada de movilizaciones en todo el pa\u00eds contra su Gobierno.<\/p>\n\n\n\n<p><a href=\"https:\/\/platform.twitter.com\/embed\/Tweet.html?creatorScreenName=agenciatelam&amp;dnt=false&amp;embedId=twitter-widget-0&amp;features=eyJ0ZndfZXhwZXJpbWVudHNfY29va2llX2V4cGlyYXRpb24iOnsiYnVja2V0IjoxMjA5NjAwLCJ2ZXJzaW9uIjpudWxsfSwidGZ3X2hvcml6b25fdHdlZXRfZW1iZWRfOTU1NSI6eyJidWNrZXQiOiJodGUiLCJ2ZXJzaW9uIjpudWxsfX0%3D&amp;frame=false&amp;hideCard=false&amp;hideThread=false&amp;id=1390021915235000324&amp;lang=en&amp;origin=https%3A%2F%2Fwww.telam.com.ar%2Fnotas%2F202105%2F553104-jornada-movilizacion-paro-nacional-colombia-protestas-represion.html&amp;sessionId=f38f6083f6ad3141f0f1e1131d679e74b8b804ca&amp;siteScreenName=agenciatelam&amp;theme=light&amp;widgetsVersion=82e1070%3A1619632193066&amp;width=550px\" target=\"_blank\" rel=\"noreferrer noopener\">https:\/\/platform.twitter.com\/embed\/Tweet.html?creatorScreenName=agenciatelam&amp;dnt=false&amp;embedId=twitter-widget-0&amp;features=eyJ0ZndfZXhwZXJpbWVudHNfY29va2llX2V4cGlyYXRpb24iOnsiYnVja2V0IjoxMjA5NjAwLCJ2ZXJzaW9uIjpudWxsfSwidGZ3X2hvcml6b25fdHdlZXRfZW1iZWRfOTU1NSI6eyJidWNrZXQiOiJodGUiLCJ2ZXJzaW9uIjpudWxsfX0%3D&amp;frame=false&amp;hideCard=false&amp;hideThread=false&amp;id=1390021915235000324&amp;lang=en&amp;origin=https%3A%2F%2Fwww.telam.com.ar%2Fnotas%2F202105%2F553104-jornada-movilizacion-paro-nacional-colombia-protestas-represion.html&amp;sessionId=f38f6083f6ad3141f0f1e1131d679e74b8b804ca&amp;siteScreenName=agenciatelam&amp;theme=light&amp;widgetsVersion=82e1070%3A1619632193066&amp;width=550px<\/a><\/p>\n\n\n\n<p><strong>Convocadas por el Comit\u00e9 Nacional del Paro<\/strong>, que agrupa a unas 40 organizaciones, este mi\u00e9rcoles&nbsp;<strong>hubo concentraciones, bloqueos de calles y rutas y movilizaciones en Bogot\u00e1, Medell\u00edn, Cali, Bucaramanga, Armenia, Ibagu\u00e9, Sincelejo, Ci\u00e9naga y Zipaquir\u00e1<\/strong>, entre otras ciudades.<\/p>\n\n\n\n<p>Lo que hasta el lunes eran marchas contra la reforma tributaria que el Gobierno ya retir\u00f3 del Congreso -este mi\u00e9rcoles el Legislativo formaliz\u00f3 ese paso por unanimidad-, se transform\u00f3 ahora en un movimiento de masas que alarg\u00f3 el pliego de demandas: el Comit\u00e9 exige garant\u00edas y libertades democr\u00e1ticas, garant\u00edas constitucionales a la movilizaci\u00f3n y la protesta, desmilitarizaci\u00f3n de las ciudades, cese de las masacres y castigo a los responsables.<\/p>\n\n\n\n<p>Adem\u00e1s, reclama el desarmado del Escuadr\u00f3n Antidisturbio (Esmad), el retiro del proyecto de Ley 0 de Salud, fortalecer la campa\u00f1a de vacunaci\u00f3n contra la Covid-19 y una renta b\u00e1sica que equipare al menos un salario m\u00ednimo legal mensual.<\/p>\n\n\n\n<p>En medio de advertencias de organizaciones internacionales por la represi\u00f3n a las marchas, Duque no solo respald\u00f3 el accionar de las fuerzas militares y policiales, sino que hasta ofreci\u00f3 10 millones de pesos (2.600 d\u00f3lares) por la colaboraci\u00f3n efectiva para identificar y detener a autores de los disturbios.<\/p>\n\n\n\n<p>Parado al lado de la vice Marta Luc\u00eda Ram\u00edrez, Duque adelant\u00f3 que \u201cse publicar\u00e1 por parte de la polic\u00eda nacional el cartel de los m\u00e1s buscados por estos delitos en distintas ciudades\u201d.<\/p>\n\n\n\n<p>\u201cFrente a quienes cometan este tipo de delitos, no habr\u00e1 tregua y la sociedad entera los llevar\u00e1 ante la Justicia\u00bb, manifest\u00f3.<\/p>\n\n\n\n<p>El presidente se apoya en la Fiscal\u00eda de Estado para advertir que detr\u00e1s de los desmanes \u2013muchos en Cali y el martes en Bogot\u00e1- est\u00e1n los grupos disidentes de las FARC que se apartaron del acuerdo de paz firmado en 2016; el ELN, la \u00faltima guerrilla reconocida en Colombia, y bandas narco.<\/p>\n\n\n\n<p><img decoding=\"async\" src=\"https:\/\/www.telam.com.ar\/advf\/imagenes\/2021\/05\/6092fa79c3e51.05.2021%20afp%20565_1004x565.jpg\" alt=\"Los manifestantes exigen ahora el retiro de un proyecto de reforma de salud. \">Los manifestantes exigen ahora el retiro de un proyecto de reforma de salud.<br>Las organizaciones convocantes a las marchas, en cambio, sostienen que son las fuerzas de seguridad las que impregnaron de violencia las manifestaciones.<\/p>\n\n\n\n<p><strong>A los llamados a la paz se sum\u00f3 la Conferencia Episcopal de Colombia (CEC), que expres\u00f3 su \u201cpreocupaci\u00f3n ante la situaci\u00f3n de agitaci\u00f3n social\u201d&nbsp;<\/strong>que vive el pa\u00eds, y ratific\u00f3 que reconoce la protesta pac\u00edfica como \u201cun derecho y una alternativa v\u00e1lida\u201d para conseguir respuestas por parte del Gobierno, pero resalta que en estos momentos \u201cse debe tener en cuenta la grave emergencia sanitaria\u201d por la ola de contagios de coronavirus.<\/p>\n\n\n\n<p>El comunicado manifest\u00f3 ocho puntos centrales, entre los que resalt\u00f3 el rechazo total a las violaciones a los derechos humanos, a los actos de violencia vand\u00e1lica, a los bloqueos a la movilidad y al abastecimiento de alimentos, a la desaparici\u00f3n de personas, a los atentados contra la integridad f\u00edsica de cualquier persona y a los destrozos causados a los bienes p\u00fablicos y privados.<\/p>\n\n\n\n<p>Por las manifestaciones de este mi\u00e9rcoles, la Alcald\u00eda de Bogot\u00e1 inform\u00f3 que suspendi\u00f3 los servicios de vacunaci\u00f3n, la atenci\u00f3n domiciliaria y la toma de muestras para Covid-19, por las \u201cdificultades en la movilidad para el personal m\u00e9dico\u201d. La capital tuvo varios \u201cplantones\u201d y bloqueos de calles.<\/p>\n\n\n\n<p><img decoding=\"async\" src=\"https:\/\/www.telam.com.ar\/advf\/imagenes\/2021\/04\/6089ccbb3d2f9_1004x565.jpg\" alt=\"Protestas en Colombia (AFP)\">Protestas en Colombia (AFP)<\/p>\n\n\n\n<p><strong>En Cali,&nbsp;<\/strong>epicentro de las concentraciones m\u00e1s violentas hasta ac\u00e1, una marcha de unos 5 kil\u00f3metros uni\u00f3 el sector de La Luna hasta Puerto Resistencia, y las autoridades organizaron un \u201ccorredor humanitario\u201d para garantizar la llegada de alimentos.<\/p>\n\n\n\n<p>Tambi\u00e9n fue fuerte la protesta&nbsp;<strong>en Bucaramanga<\/strong>, donde los manifestantes unieron el puente Provenza con la plazoleta Luis Carlos Gal\u00e1n. En la ciudad, por la madrugada hubo fuertes disturbios en la v\u00eda Pamplona-Bucaramanga, seg\u00fan el diario El Nuevo Siglo.<\/p>\n\n\n\n<p><strong>En Medell\u00edn,<\/strong>&nbsp;en tanto, la columna sali\u00f3 desde el Parque de los Deseos y tras recorrer varios puntos de la ciudad termin\u00f3 en el mismo recreo. El gobernador encargado de Antioquia, Luis Fernando Su\u00e1rez, hizo un llamado para que se permitiera un corredor humanitario para el transporte de ox\u00edgeno y de alimentos en medio de las protestas.<\/p>\n\n\n\n<p>Desde Nueva York, el secretario general de la ONU, Ant\u00f3nio Guterres, hizo saber de su preocupaci\u00f3n por la violencia en medio de las protestas y exhort\u00f3 a las autoridades a ejercer la moderaci\u00f3n.<\/p>\n\n\n\n<p>Por ahora el \u00fanico di\u00e1logo es potencial: una ronda que conversaciones que propuso el martes Duque con distintos sectores y que anunci\u00f3 tendr\u00e1 una agenda que contempla seis tem\u00e1ticas para conversar con 10 interlocutores en 15 d\u00edas, coordinado todo por el alto comisionado para la paz, Miguel Ceballos.<\/p>\n","protected":false},"excerpt":{"rendered":"<p>Pese a que el presidente retir\u00f3 la controvertida reforma y prometi\u00f3 redactar otra, el Comit\u00e9<\/p>\n","protected":false},"author":8,"featured_media":34476,"comment_status":"open","ping_status":"open","sticky":false,"template":"","format":"standard","meta":{"footnotes":""},"categories":[1],"tags":[],"class_list":["post-34475","post","type-post","status-publish","format-standard","has-post-thumbnail","hentry","category-noticias"],"_links":{"self":[{"href":"https:\/\/24formosa.com.ar\/index.php?rest_route=\/wp\/v2\/posts\/34475","targetHints":{"allow":["GET"]}}],"collection":[{"href":"https:\/\/24formosa.com.ar\/index.php?rest_route=\/wp\/v2\/posts"}],"about":[{"href":"https:\/\/24formosa.com.ar\/index.php?rest_route=\/wp\/v2\/types\/post"}],"author":[{"embeddable":true,"href":"https:\/\/24formosa.com.ar\/index.php?rest_route=\/wp\/v2\/users\/8"}],"replies":[{"embeddable":true,"href":"https:\/\/24formosa.com.ar\/index.php?rest_route=%2Fwp%2Fv2%2Fcomments&post=34475"}],"version-history":[{"count":1,"href":"https:\/\/24formosa.com.ar\/index.php?rest_route=\/wp\/v2\/posts\/34475\/revisions"}],"predecessor-version":[{"id":34477,"href":"https:\/\/24formosa.com.ar\/index.php?rest_route=\/wp\/v2\/posts\/34475\/revisions\/34477"}],"wp:featuredmedia":[{"embeddable":true,"href":"https:\/\/24formosa.com.ar\/index.php?rest_route=\/wp\/v2\/media\/34476"}],"wp:attachment":[{"href":"https:\/\/24formosa.com.ar\/index.php?rest_route=%2Fwp%2Fv2%2Fmedia&parent=34475"}],"wp:term":[{"taxonomy":"category","embeddable":true,"href":"https:\/\/24formosa.com.ar\/index.php?rest_route=%2Fwp%2Fv2%2Fcategories&post=34475"},{"taxonomy":"post_tag","embeddable":true,"href":"https:\/\/24formosa.com.ar\/index.php?rest_route=%2Fwp%2Fv2%2Ftags&post=34475"}],"curies":[{"name":"wp","href":"https:\/\/api.w.org\/{rel}","templated":true}]}}