{"id":34468,"date":"2021-05-05T16:37:48","date_gmt":"2021-05-05T19:37:48","guid":{"rendered":"https:\/\/24formosa.com.ar\/?p=34468"},"modified":"2021-05-05T16:37:49","modified_gmt":"2021-05-05T19:37:49","slug":"educacion-se-brindara-un-taller-virtual-sobre-el-desarrollo-de-capacidades-socio-afectivas","status":"publish","type":"post","link":"https:\/\/24formosa.com.ar\/?p=34468","title":{"rendered":"Educaci\u00f3n: Se brindar\u00e1 un taller virtual sobre el Desarrollo de Capacidades Socio-afectivas"},"content":{"rendered":"\n<p><em>De nueve encuentros formativos y con puntaje ministerial, est\u00e1 destinado a docentes de todos los niveles y modalidades del Sistema Educativo Formose\u00f1o.<\/em><\/p>\n\n\n\n<p>Desarrollo de Capacidades Socio-afectivas, una experiencia vivencial y te\u00f3rica con las resoluciones N\u00b0 536\/19 y 2070\/20, ser\u00e1 el taller virtual que desarrollar\u00e1 la Coordinaci\u00f3n Provincial de Formaci\u00f3n Docente Continua (C.P.F.D.C.) junto al Equipo Socio-afectivo (E.S.a.), teniendo como destinatarios a docentes de todos los niveles y modalidades del Sistema Educativo formose\u00f1o.<\/p>\n\n\n\n<p>Se trata de nueve encuentros formativos, con puntaje ministerial, a trav\u00e9s de la plataforma Zoom donde se utilizar\u00e1n diferentes t\u00e9cnicas y ejercicios teatrales, musicales, del clown, la danza y el yoga, tem\u00e1ticas expuestas en las resoluciones antes mencionadas, con especial \u00e9nfasis en el desarrollo de las capacidades socio-afectivas. El \u00faltimo de ellos, ser\u00e1 integrador y evaluativo.<\/p>\n\n\n\n<p>A partir de la promulgaci\u00f3n de la resoluci\u00f3n N\u00b0 536\/19 \u201cL\u00ednea de Pol\u00edtica Educativa Provincial para el Enfoque de Desarrollo de Capacidades Socio-Afectivas y Espirituales en el Sistema Educativo de Formosa\u201d y posteriormente la&nbsp; N\u00b0 2070\/20 \u201cPol\u00edtica Educativa Gobierno de la Provincia de Formosa\u201d, el Sistema Educativo formose\u00f1o realiza un salto de calidad en post de un nuevo paradigma educativo donde se respeta y considera integralmente al ser humano, atendiendo el desarrollo de otras capacidades que no son las estrictamente cognitivas, las capacidades socio-afectivas y espirituales.<\/p>\n\n\n\n<p>El desarrollo de las mismas, a partir de estos cuerpos normativos, es obligatoria para toda la comunidad educativa, deben ser aprendidas y practicadas por todos sus integrantes: directivos, docentes, estudiantes.<\/p>\n\n\n\n<p>Es por ello, que desde la Coordinaci\u00f3n Provincial de la Formaci\u00f3n Docente Continua se ha conformado un equipo de profesionales que capacitan en el entendimiento y encuentro con ambas resoluciones, jornadas formativas necesarias para que las normativas vigentes no sean incumplidas por simple ignorancia de su contenido, y para continuar profundizando la instalaci\u00f3n de este nuevo paradigma educativo-comunicacional formose\u00f1o.<\/p>\n","protected":false},"excerpt":{"rendered":"<p>De nueve encuentros formativos y con puntaje ministerial, est\u00e1 destinado a docentes de todos los<\/p>\n","protected":false},"author":8,"featured_media":34469,"comment_status":"open","ping_status":"open","sticky":false,"template":"","format":"standard","meta":{"footnotes":""},"categories":[1],"tags":[],"class_list":["post-34468","post","type-post","status-publish","format-standard","has-post-thumbnail","hentry","category-noticias"],"_links":{"self":[{"href":"https:\/\/24formosa.com.ar\/index.php?rest_route=\/wp\/v2\/posts\/34468","targetHints":{"allow":["GET"]}}],"collection":[{"href":"https:\/\/24formosa.com.ar\/index.php?rest_route=\/wp\/v2\/posts"}],"about":[{"href":"https:\/\/24formosa.com.ar\/index.php?rest_route=\/wp\/v2\/types\/post"}],"author":[{"embeddable":true,"href":"https:\/\/24formosa.com.ar\/index.php?rest_route=\/wp\/v2\/users\/8"}],"replies":[{"embeddable":true,"href":"https:\/\/24formosa.com.ar\/index.php?rest_route=%2Fwp%2Fv2%2Fcomments&post=34468"}],"version-history":[{"count":1,"href":"https:\/\/24formosa.com.ar\/index.php?rest_route=\/wp\/v2\/posts\/34468\/revisions"}],"predecessor-version":[{"id":34470,"href":"https:\/\/24formosa.com.ar\/index.php?rest_route=\/wp\/v2\/posts\/34468\/revisions\/34470"}],"wp:featuredmedia":[{"embeddable":true,"href":"https:\/\/24formosa.com.ar\/index.php?rest_route=\/wp\/v2\/media\/34469"}],"wp:attachment":[{"href":"https:\/\/24formosa.com.ar\/index.php?rest_route=%2Fwp%2Fv2%2Fmedia&parent=34468"}],"wp:term":[{"taxonomy":"category","embeddable":true,"href":"https:\/\/24formosa.com.ar\/index.php?rest_route=%2Fwp%2Fv2%2Fcategories&post=34468"},{"taxonomy":"post_tag","embeddable":true,"href":"https:\/\/24formosa.com.ar\/index.php?rest_route=%2Fwp%2Fv2%2Ftags&post=34468"}],"curies":[{"name":"wp","href":"https:\/\/api.w.org\/{rel}","templated":true}]}}