{"id":34465,"date":"2021-05-05T16:35:40","date_gmt":"2021-05-05T19:35:40","guid":{"rendered":"https:\/\/24formosa.com.ar\/?p=34465"},"modified":"2021-05-05T16:35:40","modified_gmt":"2021-05-05T19:35:40","slug":"iasep-inauguro-su-nueva-sede-en-el-circuito-5-de-la-ciudad-capital","status":"publish","type":"post","link":"https:\/\/24formosa.com.ar\/?p=34465","title":{"rendered":"IASEP inaugur\u00f3 su nueva sede en el circuito 5 de la ciudad capital"},"content":{"rendered":"\n<p><em>Cuenta con servicio de farmacia, venta y autorizaci\u00f3n de \u00f3rdenes m\u00e9dicas y prestaciones a afiliados. Los horarios de atenci\u00f3n son los mismos que en los otros anexos.<\/em><\/p>\n\n\n\n<p>Este mi\u00e9rcoles por la ma\u00f1ana, el Instituto de Asistencia Social para Empleados P\u00fablicos (IASEP) inaugur\u00f3 el anexo IV ubicado en la avenida Esther El\u00edas de C\u00e1nepa y Almeida, del barrio Rep\u00fablica Argentina en el circuito 5 de esta ciudad.<\/p>\n\n\n\n<p>Al respecto, el titular del organismo, Claudio Samaniego, dialog\u00f3 con&nbsp;<strong>AGENFOR<\/strong>&nbsp;y dijo que las prestaciones que brindar\u00e1 esta sede son servicio de farmacia, venta y autorizaci\u00f3n de \u00f3rdenes m\u00e9dicas y prestaciones a afiliados.<\/p>\n\n\n\n<figure class=\"wp-block-image\"><a href=\"https:\/\/agenfor.com.ar\/wp-content\/uploads\/2021\/05\/photo4940532771177212260.jpg\"><img decoding=\"async\" src=\"https:\/\/agenfor.com.ar\/wp-content\/uploads\/2021\/05\/photo4940532771177212260-1024x682.jpg\" alt=\"\" class=\"wp-image-98871\"\/><\/a><figcaption>Claudio Samaniego<\/figcaption><\/figure>\n\n\n\n<p>\u201cCasi todo, salvo algunas excepciones que necesita s\u00ed o s\u00ed estudiarlo previamente\u201d, aclar\u00f3; y agreg\u00f3: \u201cAc\u00e1 tambi\u00e9n va a haber un taller de \u00f3ptica y va a ser la base de nuestro sistema de transporte de ambulancias y veh\u00edculos con los que recorremos la provincia\u201d.<\/p>\n\n\n\n<p>Adem\u00e1s, Samaniego reiter\u00f3 que la habilitaci\u00f3n de esta sucursal tiene como objetivo descomprimir la concurrencia de personas en los dem\u00e1s anexos y sostuvo que \u201cesperemos que vengan de otros barrios\u201d porque \u201cno es s\u00f3lo para el circuito 5\u201d.<\/p>\n\n\n\n<p>\u201cAc\u00e1 viven muchos afiliados, seg\u00fan nuestro censo hay 6 mil, pero hay que ver los que no hicieron cambio de domicilios\u201d, detall\u00f3.<\/p>\n\n\n\n<p>En cuanto a los horarios de atenci\u00f3n, el responsable del organismo indic\u00f3 que ser\u00e1 de 8 a 12 y de 16 a 18 horas, con atenci\u00f3n por orden de llegada.<\/p>\n\n\n\n<p>Respecto a los medicamentos con que cuenta la entidad, inform\u00f3 que tienen un stock del 98%, y en caso de faltantes, solo se da por el lapso de 24 horas; y que los destinados a pacientes oncol\u00f3gicos, con diabetes y enfermedades cr\u00f3nicas, cuentan con el 100%.<\/p>\n\n\n\n<figure class=\"wp-block-image\"><a href=\"https:\/\/agenfor.com.ar\/wp-content\/uploads\/2021\/05\/photo4940532771177212261.jpg\"><img decoding=\"async\" src=\"https:\/\/agenfor.com.ar\/wp-content\/uploads\/2021\/05\/photo4940532771177212261-1024x682.jpg\" alt=\"\" class=\"wp-image-98872\"\/><\/a><figcaption>IV anexo IASEP<\/figcaption><\/figure>\n\n\n\n<p>Por \u00faltimo, Samaniego explic\u00f3 que \u201chace ya siete u ocho meses que el gobernador Insfr\u00e1n nos orden\u00f3 que busc\u00e1ramos un local para que abri\u00e9ramos este anexo, y luego de seis meses pudimos cumplirlo, era dif\u00edcil conseguir un lugar adecuado\u201d.<\/p>\n\n\n\n<p>Y concluy\u00f3: \u201cEl gobernador preocupado por la gente, como siempre, quer\u00eda que acerc\u00e1ramos a su domicilio este servicio, as\u00ed que hoy podemos decir que cumplimos su deseo de hace un tiempo\u201d.<\/p>\n","protected":false},"excerpt":{"rendered":"<p>Cuenta con servicio de farmacia, venta y autorizaci\u00f3n de \u00f3rdenes m\u00e9dicas y prestaciones a afiliados.<\/p>\n","protected":false},"author":8,"featured_media":34466,"comment_status":"open","ping_status":"open","sticky":false,"template":"","format":"standard","meta":{"footnotes":""},"categories":[1],"tags":[],"class_list":["post-34465","post","type-post","status-publish","format-standard","has-post-thumbnail","hentry","category-noticias"],"_links":{"self":[{"href":"https:\/\/24formosa.com.ar\/index.php?rest_route=\/wp\/v2\/posts\/34465","targetHints":{"allow":["GET"]}}],"collection":[{"href":"https:\/\/24formosa.com.ar\/index.php?rest_route=\/wp\/v2\/posts"}],"about":[{"href":"https:\/\/24formosa.com.ar\/index.php?rest_route=\/wp\/v2\/types\/post"}],"author":[{"embeddable":true,"href":"https:\/\/24formosa.com.ar\/index.php?rest_route=\/wp\/v2\/users\/8"}],"replies":[{"embeddable":true,"href":"https:\/\/24formosa.com.ar\/index.php?rest_route=%2Fwp%2Fv2%2Fcomments&post=34465"}],"version-history":[{"count":1,"href":"https:\/\/24formosa.com.ar\/index.php?rest_route=\/wp\/v2\/posts\/34465\/revisions"}],"predecessor-version":[{"id":34467,"href":"https:\/\/24formosa.com.ar\/index.php?rest_route=\/wp\/v2\/posts\/34465\/revisions\/34467"}],"wp:featuredmedia":[{"embeddable":true,"href":"https:\/\/24formosa.com.ar\/index.php?rest_route=\/wp\/v2\/media\/34466"}],"wp:attachment":[{"href":"https:\/\/24formosa.com.ar\/index.php?rest_route=%2Fwp%2Fv2%2Fmedia&parent=34465"}],"wp:term":[{"taxonomy":"category","embeddable":true,"href":"https:\/\/24formosa.com.ar\/index.php?rest_route=%2Fwp%2Fv2%2Fcategories&post=34465"},{"taxonomy":"post_tag","embeddable":true,"href":"https:\/\/24formosa.com.ar\/index.php?rest_route=%2Fwp%2Fv2%2Ftags&post=34465"}],"curies":[{"name":"wp","href":"https:\/\/api.w.org\/{rel}","templated":true}]}}